{"id":6001,"date":"2018-12-21T11:49:33","date_gmt":"2018-12-21T10:49:33","guid":{"rendered":"http:\/\/fredrikstad.katolsk.no\/?p=6001"},"modified":"2018-12-21T12:09:49","modified_gmt":"2018-12-21T11:09:49","slug":"julens-brev-og-festbrev-samt-lesninger-24-28-desember-2018","status":"publish","type":"post","link":"https:\/\/fredrikstad.katolsk.no\/?p=6001","title":{"rendered":"Julens brev og festbrev samt lesninger, 24. \u2013 28. desember 2018.    Polska gazetka niedzielna &#8211; Uroczysto\u015b\u0107 Narodzenia Pa\u0144skiego 24.-28. grudnia."},"content":{"rendered":"<p>Julebrevet \u2013<strong>Midnattsmessen<\/strong>&#8211;<strong>Juledagen<\/strong>-finnes her:\u00a0\u00a0<a href=\"http:\/\/fredrikstad.katolsk.no\/wp-content\/uploads\/2018\/12\/Julebrev-2018.pdf\">Julebrev 2018<\/a><\/p>\n<p>Festbrev \u2013<strong>Hellige Stefan<\/strong>\u2013 2. juledag finnes her:\u00a0<a href=\"http:\/\/fredrikstad.katolsk.no\/wp-content\/uploads\/2018\/12\/Hellige-Stefan-20181.pdf\">Hellige Stefan-2018<\/a><\/p>\n<p>Festbrev \u2013\u00a0<strong>Hellige Johannes<\/strong>\u00a0-finnes her:\u00a0\u00a0<a href=\"http:\/\/fredrikstad.katolsk.no\/wp-content\/uploads\/2018\/12\/Hellige-Johannes.-Apostel-og-evangelist-27.desember-2018.pdf\">Hellige Johannes. Apostel og evangelist -27.desember 2018<\/a><\/p>\n<p>Festbrev \u2013\u00a0<strong>De uskyldige barn i Betlehem \u2013\u00a0<\/strong>finnes her:\u00a0\u00a0<a href=\"http:\/\/fredrikstad.katolsk.no\/wp-content\/uploads\/2018\/12\/De-uskyldige-barn-i-Betlehem-28.desember-2018.pdf\">De uskyldige barn i Betlehem -28.desember 2018<\/a><\/p>\n<p><strong>LESNINGER:\u00a0 \u00a0 \u00a0 \u00a0 \u00a0 \u00a0 \u00a0 \u00a0 \u00a0 \u00a0 \u00a0 \u00a0 \u00a0 \u00a0 \u00a0 \u00a0 \u00a0 \u00a0<\/strong><\/p>\n<p>Lesningene\u00a0 p\u00e5 norsk for\u00a0<strong>midnattsmessen<\/strong>\u00a0finnes her:\u00a0\u00a0<a href=\"http:\/\/fredrikstad.katolsk.no\/wp-content\/uploads\/2017\/12\/Lesninger-Midnattsmessen-24.-desember.pdf\">Lesninger Midnattsmessen (24. desember)<\/a><\/p>\n<p>Lesningene p\u00e5 norsk for\u00a0<strong>Juledagen<\/strong>\u00a0finnes her:\u00a0\u00a0<a href=\"http:\/\/fredrikstad.katolsk.no\/wp-content\/uploads\/2017\/12\/Lesninger-Juledagen-25.-desember.pdf\">Lesninger Juledagen (25. desember)<\/a><\/p>\n<p>Lesninger p\u00e5 norsk for 2. juledag \u2013<strong>Hellige Stefan<\/strong>\u2013 finnes her:\u00a0\u00a0<a href=\"http:\/\/fredrikstad.katolsk.no\/wp-content\/uploads\/2017\/12\/Lesninger-Den-hellige-Stefan-26.-desember.pdf\">Lesninger Den hellige Stefan \u2013 26. desember<\/a><\/p>\n<p>Lesninger p\u00e5 norsk for \u2013<strong>Hellige Johannes<\/strong>\u2013\u00a03. juledag finnes her:<a href=\"http:\/\/fredrikstad.katolsk.no\/wp-content\/uploads\/2017\/12\/Lesninger-Den-hellige-Johannes-27.-desember.pdf\">Lesninger Den hellige Johannes (27. desember)<\/a><\/p>\n<p>Lesninger p\u00e5 norsk for \u2013\u00a0<strong>De uskyldige barn i Betlehem \u2013\u00a0<\/strong>finnes her:\u00a0\u00a0<a href=\"http:\/\/fredrikstad.katolsk.no\/wp-content\/uploads\/2017\/12\/Lesninger-De-uskyldige-barn-i-Betlehem-28.-desember.pdf\">Lesninger De uskyldige barn i Betlehem (28. desember)<\/a><\/p>\n<p>&nbsp;<\/p>\n<p><strong>Polska gazetka niedzielna &#8211; Uroczysto\u015b\u0107 Narodzenia Pa\u0144skiego 24. -28. grudnia.<\/strong><\/p>\n<p>&nbsp;<\/p>\n<p><strong>Uroczysto\u015b\u0107 Narodzenia Pa\u0144skiego- Msza w nocy, 24 grudnia:\u00a0<a href=\"http:\/\/fredrikstad.katolsk.no\/wp-content\/uploads\/2018\/12\/Polsk-s\u00f8ndagsblad-Midnattsmesse-Uroczysto\u015b\u0107-Narodzenia-Pa\u0144skiego-Msza-w-nocy-Rok-C-24-grudnia.pdf\">Polsk s\u00f8ndagsblad -Midnattsmesse-Uroczysto\u015b\u0107 Narodzenia Pa\u0144skiego- Msza w nocy, Rok C, 24 grudnia<\/a><\/strong><\/p>\n<p><strong>Uroczysto\u015b\u0107 Narodzenia Pa\u0144skiego &#8211;<\/strong> <strong>Msza o \u015awicie<strong>,\u00a0 25 <\/strong>grudnia<strong>\u00a0:\u00a0\u00a0<a href=\"http:\/\/fredrikstad.katolsk.no\/wp-content\/uploads\/2018\/12\/Polsk-s\u00f8ndagsblad-Kristi-f\u00f8dselsfest-Uroczysto\u015b\u0107-Narodzenia-Pa\u0144skiego-Msza-o-\u015awicie-25-grudnia.pdf\">Polsk s\u00f8ndagsblad &#8211; Kristi f\u00f8dselsfest &#8211; Uroczysto\u015b\u0107 Narodzenia Pa\u0144skiego &#8211; Msza o \u015awicie, 25 grudnia<\/a><\/strong><\/strong><\/p>\n<p><strong>\u015awi\u0119to \u015bw. Szczepana, pierwszego m\u0119czennika<\/strong><strong>,\u00a0 26<\/strong> <strong>grudnia<\/strong><strong>\u00a0:\u00a0\u00a0<\/strong><strong><strong><a href=\"http:\/\/fredrikstad.katolsk.no\/wp-content\/uploads\/2018\/12\/Polsk-s\u00f8ndagsblad-Den-Hellige-Stefan-Kirkens-f\u00f8rste-martyr-\u015aw.-Szczepana-Pierwszego-M\u0119czennika-Rok-C-26-grudnia.pdf\">Polsk s\u00f8ndagsblad &#8211; Den Hellige Stefan -Kirkens f\u00f8rste martyr-\u015aw. Szczepana, Pierwszego M\u0119czennika Rok C, 26 grudnia<\/a><\/strong><\/strong><\/p>\n<p><strong>\u015awi\u0119to \u015bw. Jana, aposto\u0142a i ewangelisty,\u00a0 27 grudnia\u00a0:\u00a0\u00a0<a href=\"http:\/\/fredrikstad.katolsk.no\/wp-content\/uploads\/2018\/12\/Lesninger-Den-hellige-Johannes-27.-desember.pdf\">Lesninger Den hellige Johannes (27. desember)<\/a> <a href=\"http:\/\/fredrikstad.katolsk.no\/wp-content\/uploads\/2018\/12\/Polsk-s\u00f8ndagsblad-\u015awi\u0119to-\u015bw.-Jana-aposto\u0142a-i-ewangelisty-27-grudnia.pdf\">Polsk s\u00f8ndagsblad -\u015awi\u0119to \u015bw. Jana, aposto\u0142a i ewangelisty-27 grudnia<\/a><\/strong><\/p>\n<p><strong>\u015awi\u0119to \u015bwi\u0119tych M\u0142odziank\u00f3w, m\u0119czennik\u00f3w,\u00a0 28 grudnia\u00a0:\u00a0 <a href=\"http:\/\/fredrikstad.katolsk.no\/wp-content\/uploads\/2018\/12\/Polsk-s\u00f8ndagsblad-de-uskyldige-barn-i-Betlehem-28-grudnia.pdf\">Polsk s\u00f8ndagsblad -de uskyldige barn i Betlehem- 28 grudnia<\/a>\u00a0 \u00a0 \u00a0 \u00a0 \u00a0 \u00a0 \u00a0 \u00a0 \u00a0 \u00a0 \u00a0 \u00a0 \u00a0 \u00a0 \u00a0 \u00a0 \u00a0 \u00a0 \u00a0<\/strong><\/p>\n","protected":false},"excerpt":{"rendered":"<p>Julebrevet \u2013Midnattsmessen&#8211;Juledagen-finnes her:\u00a0\u00a0Julebrev 2018 Festbrev \u2013Hellige Stefan\u2013 2. juledag finnes her:\u00a0Hellige Stefan-2018 Festbrev \u2013\u00a0Hellige Johannes\u00a0-finnes her:\u00a0\u00a0Hellige Johannes. Apostel og evangelist -27.desember 2018 Festbrev \u2013\u00a0De uskyldige barn i Betlehem \u2013\u00a0finnes her:\u00a0\u00a0De uskyldige barn i Betlehem -28.desember 2018 LESNINGER:\u00a0 \u00a0 \u00a0 \u00a0 &hellip; <a href=\"https:\/\/fredrikstad.katolsk.no\/?p=6001\">Les videre <span class=\"meta-nav\">&rarr;<\/span><\/a><\/p>\n","protected":false},"author":4,"featured_media":0,"comment_status":"closed","ping_status":"open","sticky":false,"template":"","format":"standard","meta":{"footnotes":""},"categories":[6,30],"tags":[],"class_list":["post-6001","post","type-post","status-publish","format-standard","hentry","category-nyheter","category-sondagsbrev"],"_links":{"self":[{"href":"https:\/\/fredrikstad.katolsk.no\/index.php?rest_route=\/wp\/v2\/posts\/6001","targetHints":{"allow":["GET"]}}],"collection":[{"href":"https:\/\/fredrikstad.katolsk.no\/index.php?rest_route=\/wp\/v2\/posts"}],"about":[{"href":"https:\/\/fredrikstad.katolsk.no\/index.php?rest_route=\/wp\/v2\/types\/post"}],"author":[{"embeddable":true,"href":"https:\/\/fredrikstad.katolsk.no\/index.php?rest_route=\/wp\/v2\/users\/4"}],"replies":[{"embeddable":true,"href":"https:\/\/fredrikstad.katolsk.no\/index.php?rest_route=%2Fwp%2Fv2%2Fcomments&post=6001"}],"version-history":[{"count":6,"href":"https:\/\/fredrikstad.katolsk.no\/index.php?rest_route=\/wp\/v2\/posts\/6001\/revisions"}],"predecessor-version":[{"id":6018,"href":"https:\/\/fredrikstad.katolsk.no\/index.php?rest_route=\/wp\/v2\/posts\/6001\/revisions\/6018"}],"wp:attachment":[{"href":"https:\/\/fredrikstad.katolsk.no\/index.php?rest_route=%2Fwp%2Fv2%2Fmedia&parent=6001"}],"wp:term":[{"taxonomy":"category","embeddable":true,"href":"https:\/\/fredrikstad.katolsk.no\/index.php?rest_route=%2Fwp%2Fv2%2Fcategories&post=6001"},{"taxonomy":"post_tag","embeddable":true,"href":"https:\/\/fredrikstad.katolsk.no\/index.php?rest_route=%2Fwp%2Fv2%2Ftags&post=6001"}],"curies":[{"name":"wp","href":"https:\/\/api.w.org\/{rel}","templated":true}]}}