{"id":6064,"date":"2019-01-18T17:25:34","date_gmt":"2019-01-18T16:25:34","guid":{"rendered":"http:\/\/fredrikstad.katolsk.no\/?p=6064"},"modified":"2019-02-01T14:19:05","modified_gmt":"2019-02-01T13:19:05","slug":"sondagsbrev-20-januar-2019-2-sondag-i-det-alm-kirkearet-ar-c-druga-niedziela-zwykla-rok-c","status":"publish","type":"post","link":"https:\/\/fredrikstad.katolsk.no\/?p=6064","title":{"rendered":"S\u00f8ndagsbrev, 20. januar 2019, 2. s\u00f8ndag i det alm. kirke\u00e5ret, \u00e5r C.  Druga Niedziela zwyk\u0142a  Rok C."},"content":{"rendered":"<p>Les s\u00f8ndagsbrevet her:\u00a0\u00a0<a href=\"http:\/\/fredrikstad.katolsk.no\/wp-content\/uploads\/2019\/01\/2.-alm.-s\u00f8n.-C-2019.pdf\">2. alm. s\u00f8n.-C- 2019<\/a><\/p>\n<p>S\u00f8ndagens lesninger p\u00e5 norsk finnes her:\u00a0\u00a0<a href=\"http:\/\/fredrikstad.katolsk.no\/wp-content\/uploads\/2019\/01\/Lesninger-2.-s\u00f8ndag-i-det-alminnelige-kirke\u00e5r-\u00e5r-C.pdf\">Lesninger 2. s\u00f8ndag i det alminnelige kirke\u00e5r (\u00e5r C)<\/a><\/p>\n<p>Polsku:\u00a0\u00a0<a href=\"http:\/\/fredrikstad.katolsk.no\/wp-content\/uploads\/2019\/01\/Polsk-s\u00f8ndagsblad-2.-s\u00f8ndag-i-det-alm.-kirke\u00e5ret-Druga-Niedziela-zwyk\u0142a-Rok-C.pdf\">Polsk s\u00f8ndagsblad -2. s\u00f8ndag i det alm. kirke\u00e5ret-Druga Niedziela zwyk\u0142a Rok C<\/a><\/p>\n","protected":false},"excerpt":{"rendered":"<p>Les s\u00f8ndagsbrevet her:\u00a0\u00a02. alm. s\u00f8n.-C- 2019 S\u00f8ndagens lesninger p\u00e5 norsk finnes her:\u00a0\u00a0Lesninger 2. s\u00f8ndag i det alminnelige kirke\u00e5r (\u00e5r C) Polsku:\u00a0\u00a0Polsk s\u00f8ndagsblad -2. s\u00f8ndag i det alm. kirke\u00e5ret-Druga Niedziela zwyk\u0142a Rok C<\/p>\n","protected":false},"author":4,"featured_media":0,"comment_status":"closed","ping_status":"open","sticky":false,"template":"","format":"standard","meta":{"footnotes":""},"categories":[6,15,30],"tags":[],"class_list":["post-6064","post","type-post","status-publish","format-standard","hentry","category-nyheter","category-pa-polsk","category-sondagsbrev"],"_links":{"self":[{"href":"https:\/\/fredrikstad.katolsk.no\/index.php?rest_route=\/wp\/v2\/posts\/6064","targetHints":{"allow":["GET"]}}],"collection":[{"href":"https:\/\/fredrikstad.katolsk.no\/index.php?rest_route=\/wp\/v2\/posts"}],"about":[{"href":"https:\/\/fredrikstad.katolsk.no\/index.php?rest_route=\/wp\/v2\/types\/post"}],"author":[{"embeddable":true,"href":"https:\/\/fredrikstad.katolsk.no\/index.php?rest_route=\/wp\/v2\/users\/4"}],"replies":[{"embeddable":true,"href":"https:\/\/fredrikstad.katolsk.no\/index.php?rest_route=%2Fwp%2Fv2%2Fcomments&post=6064"}],"version-history":[{"count":1,"href":"https:\/\/fredrikstad.katolsk.no\/index.php?rest_route=\/wp\/v2\/posts\/6064\/revisions"}],"predecessor-version":[{"id":6068,"href":"https:\/\/fredrikstad.katolsk.no\/index.php?rest_route=\/wp\/v2\/posts\/6064\/revisions\/6068"}],"wp:attachment":[{"href":"https:\/\/fredrikstad.katolsk.no\/index.php?rest_route=%2Fwp%2Fv2%2Fmedia&parent=6064"}],"wp:term":[{"taxonomy":"category","embeddable":true,"href":"https:\/\/fredrikstad.katolsk.no\/index.php?rest_route=%2Fwp%2Fv2%2Fcategories&post=6064"},{"taxonomy":"post_tag","embeddable":true,"href":"https:\/\/fredrikstad.katolsk.no\/index.php?rest_route=%2Fwp%2Fv2%2Ftags&post=6064"}],"curies":[{"name":"wp","href":"https:\/\/api.w.org\/{rel}","templated":true}]}}