{"id":6118,"date":"2019-02-21T16:42:13","date_gmt":"2019-02-21T15:42:13","guid":{"rendered":"http:\/\/fredrikstad.katolsk.no\/?p=6118"},"modified":"2019-02-21T16:42:13","modified_gmt":"2019-02-21T15:42:13","slug":"apostelen-peters-stol-22-februar-swieto-katedry-sw-piotra-apostola-22-lutego","status":"publish","type":"post","link":"https:\/\/fredrikstad.katolsk.no\/?p=6118","title":{"rendered":"Apostelen Peters stol &#8211;  22. februar.  \u015awi\u0119to katedry \u015bw. Piotra Aposto\u0142a  22 lutego"},"content":{"rendered":"<p><a href=\"http:\/\/fredrikstad.katolsk.no\/wp-content\/uploads\/2019\/02\/1Pietro_Perugino_034.jpg\"><img loading=\"lazy\" decoding=\"async\" class=\"alignnone size-medium wp-image-6119\" src=\"http:\/\/fredrikstad.katolsk.no\/wp-content\/uploads\/2019\/02\/1Pietro_Perugino_034-300x183.jpg\" alt=\"1Pietro_Perugino_034\" width=\"300\" height=\"183\" srcset=\"https:\/\/fredrikstad.katolsk.no\/wp-content\/uploads\/2019\/02\/1Pietro_Perugino_034-300x183.jpg 300w, https:\/\/fredrikstad.katolsk.no\/wp-content\/uploads\/2019\/02\/1Pietro_Perugino_034-1024x623.jpg 1024w, https:\/\/fredrikstad.katolsk.no\/wp-content\/uploads\/2019\/02\/1Pietro_Perugino_034-493x300.jpg 493w\" sizes=\"auto, (max-width: 300px) 100vw, 300px\" \/><\/a><\/p>\n<p>Dagens lesninger p\u00e5 norsk:\u00a0\u00a0<a href=\"http:\/\/fredrikstad.katolsk.no\/wp-content\/uploads\/2019\/02\/Lesninger-Den-hellige-apostelen-Peters-stol-22.-februar.pdf\">Lesninger Den hellige apostelen Peters stol (22. februar)<\/a><\/p>\n<p>Polsku:\u00a0\u00a0<a href=\"http:\/\/fredrikstad.katolsk.no\/wp-content\/uploads\/2019\/02\/Polsk-s\u00f8ndagsblad-Apostelen-Peters-stol-22.-februar.pdf\">Polsk s\u00f8ndagsblad -Apostelen Peters stol- 22. februar<\/a><\/p>\n<p>For utfyllende opplysninger:\u00a0\u00a0<a href=\"http:\/\/www.katolsk.no\/biografier\/historisk\/feb22\">Apostelen Peters stol<\/a><\/p>\n","protected":false},"excerpt":{"rendered":"<p>Dagens lesninger p\u00e5 norsk:\u00a0\u00a0Lesninger Den hellige apostelen Peters stol (22. februar) Polsku:\u00a0\u00a0Polsk s\u00f8ndagsblad -Apostelen Peters stol- 22. februar For utfyllende opplysninger:\u00a0\u00a0Apostelen Peters stol<\/p>\n","protected":false},"author":4,"featured_media":0,"comment_status":"closed","ping_status":"open","sticky":false,"template":"","format":"standard","meta":{"footnotes":""},"categories":[6,15,30],"tags":[],"class_list":["post-6118","post","type-post","status-publish","format-standard","hentry","category-nyheter","category-pa-polsk","category-sondagsbrev"],"_links":{"self":[{"href":"https:\/\/fredrikstad.katolsk.no\/index.php?rest_route=\/wp\/v2\/posts\/6118","targetHints":{"allow":["GET"]}}],"collection":[{"href":"https:\/\/fredrikstad.katolsk.no\/index.php?rest_route=\/wp\/v2\/posts"}],"about":[{"href":"https:\/\/fredrikstad.katolsk.no\/index.php?rest_route=\/wp\/v2\/types\/post"}],"author":[{"embeddable":true,"href":"https:\/\/fredrikstad.katolsk.no\/index.php?rest_route=\/wp\/v2\/users\/4"}],"replies":[{"embeddable":true,"href":"https:\/\/fredrikstad.katolsk.no\/index.php?rest_route=%2Fwp%2Fv2%2Fcomments&post=6118"}],"version-history":[{"count":1,"href":"https:\/\/fredrikstad.katolsk.no\/index.php?rest_route=\/wp\/v2\/posts\/6118\/revisions"}],"predecessor-version":[{"id":6122,"href":"https:\/\/fredrikstad.katolsk.no\/index.php?rest_route=\/wp\/v2\/posts\/6118\/revisions\/6122"}],"wp:attachment":[{"href":"https:\/\/fredrikstad.katolsk.no\/index.php?rest_route=%2Fwp%2Fv2%2Fmedia&parent=6118"}],"wp:term":[{"taxonomy":"category","embeddable":true,"href":"https:\/\/fredrikstad.katolsk.no\/index.php?rest_route=%2Fwp%2Fv2%2Fcategories&post=6118"},{"taxonomy":"post_tag","embeddable":true,"href":"https:\/\/fredrikstad.katolsk.no\/index.php?rest_route=%2Fwp%2Fv2%2Ftags&post=6118"}],"curies":[{"name":"wp","href":"https:\/\/api.w.org\/{rel}","templated":true}]}}