{"id":6243,"date":"2019-04-17T16:44:03","date_gmt":"2019-04-17T14:44:03","guid":{"rendered":"http:\/\/fredrikstad.katolsk.no\/?p=6243"},"modified":"2019-04-17T16:44:03","modified_gmt":"2019-04-17T14:44:03","slug":"paskens-brev-2019","status":"publish","type":"post","link":"https:\/\/fredrikstad.katolsk.no\/?p=6243","title":{"rendered":"P\u00e5skens brev 2019"},"content":{"rendered":"<p>P\u00e5skens brev finnes her:<\/p>\n<p><a href=\"http:\/\/fredrikstad.katolsk.no\/wp-content\/uploads\/2019\/04\/SKJ\u00c6RTORSDAG-19.pdf\">SKJ\u00c6RTORSDAG-19<\/a><\/p>\n<p><a href=\"http:\/\/fredrikstad.katolsk.no\/wp-content\/uploads\/2019\/04\/LANGFREDAG-2019.pdf\">LANGFREDAG-2019<\/a><\/p>\n<p><a href=\"http:\/\/fredrikstad.katolsk.no\/wp-content\/uploads\/2019\/04\/P\u00c5SKEVIGILIEN-2019.pdf\">P\u00c5SKEVIGILIEN 2019<\/a><\/p>\n<p><a href=\"http:\/\/fredrikstad.katolsk.no\/wp-content\/uploads\/2019\/04\/P\u00c5SKEDAG-2019.pdf\">P\u00c5SKEDAG 2019<\/a><\/p>\n<p><a href=\"http:\/\/fredrikstad.katolsk.no\/wp-content\/uploads\/2019\/04\/2.P\u00c5SKEDAG-2019.pdf\">2.P\u00c5SKEDAG 2019<\/a><\/p>\n<p>P\u00e5skens lesninger p\u00e5 norsk finnes her:<\/p>\n<p><a href=\"http:\/\/fredrikstad.katolsk.no\/wp-content\/uploads\/2019\/04\/Lesninger-Skj\u00e6rtorsdag.pdf\">Lesninger Skj\u00e6rtorsdag<\/a><\/p>\n<p><a href=\"http:\/\/fredrikstad.katolsk.no\/wp-content\/uploads\/2019\/04\/Lesninger-Langfredag.pdf\">Lesninger Langfredag<\/a><\/p>\n<p><a href=\"http:\/\/fredrikstad.katolsk.no\/wp-content\/uploads\/2019\/04\/Lesninger-P\u00e5skevigilien-2019.pdf\">Lesninger P\u00e5skevigilien 2019<\/a><\/p>\n<p><a href=\"http:\/\/fredrikstad.katolsk.no\/wp-content\/uploads\/2019\/04\/Lesninger-P\u00e5skedagen.pdf\">Lesninger P\u00e5skedagen<\/a><\/p>\n","protected":false},"excerpt":{"rendered":"<p>P\u00e5skens brev finnes her: SKJ\u00c6RTORSDAG-19 LANGFREDAG-2019 P\u00c5SKEVIGILIEN 2019 P\u00c5SKEDAG 2019 2.P\u00c5SKEDAG 2019 P\u00e5skens lesninger p\u00e5 norsk finnes her: Lesninger Skj\u00e6rtorsdag Lesninger Langfredag Lesninger P\u00e5skevigilien 2019 Lesninger P\u00e5skedagen<\/p>\n","protected":false},"author":4,"featured_media":0,"comment_status":"closed","ping_status":"open","sticky":false,"template":"","format":"standard","meta":{"footnotes":""},"categories":[6,30],"tags":[],"class_list":["post-6243","post","type-post","status-publish","format-standard","hentry","category-nyheter","category-sondagsbrev"],"_links":{"self":[{"href":"https:\/\/fredrikstad.katolsk.no\/index.php?rest_route=\/wp\/v2\/posts\/6243","targetHints":{"allow":["GET"]}}],"collection":[{"href":"https:\/\/fredrikstad.katolsk.no\/index.php?rest_route=\/wp\/v2\/posts"}],"about":[{"href":"https:\/\/fredrikstad.katolsk.no\/index.php?rest_route=\/wp\/v2\/types\/post"}],"author":[{"embeddable":true,"href":"https:\/\/fredrikstad.katolsk.no\/index.php?rest_route=\/wp\/v2\/users\/4"}],"replies":[{"embeddable":true,"href":"https:\/\/fredrikstad.katolsk.no\/index.php?rest_route=%2Fwp%2Fv2%2Fcomments&post=6243"}],"version-history":[{"count":1,"href":"https:\/\/fredrikstad.katolsk.no\/index.php?rest_route=\/wp\/v2\/posts\/6243\/revisions"}],"predecessor-version":[{"id":6253,"href":"https:\/\/fredrikstad.katolsk.no\/index.php?rest_route=\/wp\/v2\/posts\/6243\/revisions\/6253"}],"wp:attachment":[{"href":"https:\/\/fredrikstad.katolsk.no\/index.php?rest_route=%2Fwp%2Fv2%2Fmedia&parent=6243"}],"wp:term":[{"taxonomy":"category","embeddable":true,"href":"https:\/\/fredrikstad.katolsk.no\/index.php?rest_route=%2Fwp%2Fv2%2Fcategories&post=6243"},{"taxonomy":"post_tag","embeddable":true,"href":"https:\/\/fredrikstad.katolsk.no\/index.php?rest_route=%2Fwp%2Fv2%2Ftags&post=6243"}],"curies":[{"name":"wp","href":"https:\/\/api.w.org\/{rel}","templated":true}]}}