{"id":6381,"date":"2019-06-21T15:03:32","date_gmt":"2019-06-21T13:03:32","guid":{"rendered":"http:\/\/fredrikstad.katolsk.no\/?p=6381"},"modified":"2019-06-21T15:03:32","modified_gmt":"2019-06-21T13:03:32","slug":"den-hellige-johannes-doperens-fodsel-24-juni-uroczystosc-narodzenia-sw-jana-chrzciciela","status":"publish","type":"post","link":"https:\/\/fredrikstad.katolsk.no\/?p=6381","title":{"rendered":"Den hellige Johannes d\u00f8perens f\u00f8dsel, 24. juni.  Uroczysto\u015b\u0107 narodzenia \u015bw. Jana Chrzciciela."},"content":{"rendered":"<p style=\"text-align: center;\"><a href=\"http:\/\/fredrikstad.katolsk.no\/wp-content\/uploads\/2019\/06\/D\u00f8peren-Johannes.jpg\"><img loading=\"lazy\" decoding=\"async\" class=\"alignnone size-full wp-image-6385\" src=\"http:\/\/fredrikstad.katolsk.no\/wp-content\/uploads\/2019\/06\/D\u00f8peren-Johannes.jpg\" alt=\"D\u00f8peren Johannes\" width=\"186\" height=\"180\" \/><\/a><\/p>\n<p>Les festbrevet her:\u00a0\u00a0\u00a0\u00a0<a href=\"http:\/\/fredrikstad.katolsk.no\/wp-content\/uploads\/2019\/06\/Johannes-D\u00f8perens-f\u00f8dsel-2019-C.pdf\">Johannes D\u00f8perens f\u00f8dsel- 2019 -C<\/a><\/p>\n<p>Festdagens lesninger p\u00e5 norsk finnes her:\u00a0\u00a0<a href=\"http:\/\/fredrikstad.katolsk.no\/wp-content\/uploads\/2019\/06\/Lesninger-Den-hellige-Johannes-d\u00f8perens-f\u00f8dsel-24.-juni.pdf\">Lesninger Den hellige Johannes d\u00f8perens f\u00f8dsel (24. juni)<\/a><\/p>\n<p>Polsku:\u00a0\u00a0<a href=\"http:\/\/fredrikstad.katolsk.no\/wp-content\/uploads\/2019\/06\/Polsk-s\u00f8ndagsblad-Johannes-D\u00f8peren-f\u00f8dsel-Uroczysto\u015b\u0107-narodzenia-\u015bw.-Jana-Chrzciciela.pdf\">Polsk s\u00f8ndagsblad -Johannes D\u00f8peren f\u00f8dsel- Uroczysto\u015b\u0107 narodzenia \u015bw. Jana Chrzciciela<\/a><\/p>\n<p>&nbsp;<\/p>\n","protected":false},"excerpt":{"rendered":"<p>Les festbrevet her:\u00a0\u00a0\u00a0\u00a0Johannes D\u00f8perens f\u00f8dsel- 2019 -C Festdagens lesninger p\u00e5 norsk finnes her:\u00a0\u00a0Lesninger Den hellige Johannes d\u00f8perens f\u00f8dsel (24. juni) Polsku:\u00a0\u00a0Polsk s\u00f8ndagsblad -Johannes D\u00f8peren f\u00f8dsel- Uroczysto\u015b\u0107 narodzenia \u015bw. Jana Chrzciciela &nbsp;<\/p>\n","protected":false},"author":4,"featured_media":0,"comment_status":"closed","ping_status":"open","sticky":false,"template":"","format":"standard","meta":{"footnotes":""},"categories":[6,15,30],"tags":[],"class_list":["post-6381","post","type-post","status-publish","format-standard","hentry","category-nyheter","category-pa-polsk","category-sondagsbrev"],"_links":{"self":[{"href":"https:\/\/fredrikstad.katolsk.no\/index.php?rest_route=\/wp\/v2\/posts\/6381","targetHints":{"allow":["GET"]}}],"collection":[{"href":"https:\/\/fredrikstad.katolsk.no\/index.php?rest_route=\/wp\/v2\/posts"}],"about":[{"href":"https:\/\/fredrikstad.katolsk.no\/index.php?rest_route=\/wp\/v2\/types\/post"}],"author":[{"embeddable":true,"href":"https:\/\/fredrikstad.katolsk.no\/index.php?rest_route=\/wp\/v2\/users\/4"}],"replies":[{"embeddable":true,"href":"https:\/\/fredrikstad.katolsk.no\/index.php?rest_route=%2Fwp%2Fv2%2Fcomments&post=6381"}],"version-history":[{"count":1,"href":"https:\/\/fredrikstad.katolsk.no\/index.php?rest_route=\/wp\/v2\/posts\/6381\/revisions"}],"predecessor-version":[{"id":6386,"href":"https:\/\/fredrikstad.katolsk.no\/index.php?rest_route=\/wp\/v2\/posts\/6381\/revisions\/6386"}],"wp:attachment":[{"href":"https:\/\/fredrikstad.katolsk.no\/index.php?rest_route=%2Fwp%2Fv2%2Fmedia&parent=6381"}],"wp:term":[{"taxonomy":"category","embeddable":true,"href":"https:\/\/fredrikstad.katolsk.no\/index.php?rest_route=%2Fwp%2Fv2%2Fcategories&post=6381"},{"taxonomy":"post_tag","embeddable":true,"href":"https:\/\/fredrikstad.katolsk.no\/index.php?rest_route=%2Fwp%2Fv2%2Ftags&post=6381"}],"curies":[{"name":"wp","href":"https:\/\/api.w.org\/{rel}","templated":true}]}}