{"id":6394,"date":"2019-06-28T15:12:23","date_gmt":"2019-06-28T13:12:23","guid":{"rendered":"http:\/\/fredrikstad.katolsk.no\/?p=6394"},"modified":"2019-06-28T15:12:23","modified_gmt":"2019-06-28T13:12:23","slug":"festbrev-de-hellige-apostler-peter-og-paulus-29-juni-swietych-apostolow-piotra-i-pawla","status":"publish","type":"post","link":"https:\/\/fredrikstad.katolsk.no\/?p=6394","title":{"rendered":"Festbrev de hellige apostler Peter og Paulus (29. juni).  \u015awi\u0119tych Aposto\u0142\u00f3w Piotra i Paw\u0142a."},"content":{"rendered":"<p style=\"text-align: center;\"><a href=\"http:\/\/fredrikstad.katolsk.no\/wp-content\/uploads\/2018\/06\/peter-og-paulus.jpg\"><img loading=\"lazy\" decoding=\"async\" class=\"alignnone size-medium wp-image-5616\" src=\"http:\/\/fredrikstad.katolsk.no\/wp-content\/uploads\/2018\/06\/peter-og-paulus-236x300.jpg\" alt=\"peter og paulus\" width=\"236\" height=\"300\" srcset=\"https:\/\/fredrikstad.katolsk.no\/wp-content\/uploads\/2018\/06\/peter-og-paulus-236x300.jpg 236w, https:\/\/fredrikstad.katolsk.no\/wp-content\/uploads\/2018\/06\/peter-og-paulus.jpg 315w\" sizes=\"auto, (max-width: 236px) 100vw, 236px\" \/><\/a><\/p>\n<p>Les festbrevet her:\u00a0<a href=\"http:\/\/fredrikstad.katolsk.no\/wp-content\/uploads\/2019\/06\/De-hellige-apostler-Peter-og-Paulus-2019.pdf\">De hellige apostler Peter og Paulus &#8211; 2019<\/a><\/p>\n<p>Festdagens lesninger p\u00e5 norsk finnes her:\u00a0<a href=\"http:\/\/fredrikstad.katolsk.no\/wp-content\/uploads\/2019\/06\/Lesninger-De-hellige-apostler-Peter-og-Paulus-29.-juni.pdf\">Lesninger &#8211; De hellige apostler Peter og Paulus (29. juni)<\/a><\/p>\n<p>Polsku:\u00a0\u00a0<a href=\"http:\/\/fredrikstad.katolsk.no\/wp-content\/uploads\/2019\/06\/Polsk-s\u00f8ndagsblad-\u015awi\u0119tych-Aposto\u0142\u00f3w-Piotra-i-Paw\u0142a-29.06.pdf\">Polsk s\u00f8ndagsblad &#8211; \u015awi\u0119tych Aposto\u0142\u00f3w Piotra i Paw\u0142a- 29.06<\/a><\/p>\n","protected":false},"excerpt":{"rendered":"<p>Les festbrevet her:\u00a0De hellige apostler Peter og Paulus &#8211; 2019 Festdagens lesninger p\u00e5 norsk finnes her:\u00a0Lesninger &#8211; De hellige apostler Peter og Paulus (29. juni) Polsku:\u00a0\u00a0Polsk s\u00f8ndagsblad &#8211; \u015awi\u0119tych Aposto\u0142\u00f3w Piotra i Paw\u0142a- 29.06<\/p>\n","protected":false},"author":4,"featured_media":0,"comment_status":"closed","ping_status":"open","sticky":false,"template":"","format":"standard","meta":{"footnotes":""},"categories":[6,15,30],"tags":[],"class_list":["post-6394","post","type-post","status-publish","format-standard","hentry","category-nyheter","category-pa-polsk","category-sondagsbrev"],"_links":{"self":[{"href":"https:\/\/fredrikstad.katolsk.no\/index.php?rest_route=\/wp\/v2\/posts\/6394","targetHints":{"allow":["GET"]}}],"collection":[{"href":"https:\/\/fredrikstad.katolsk.no\/index.php?rest_route=\/wp\/v2\/posts"}],"about":[{"href":"https:\/\/fredrikstad.katolsk.no\/index.php?rest_route=\/wp\/v2\/types\/post"}],"author":[{"embeddable":true,"href":"https:\/\/fredrikstad.katolsk.no\/index.php?rest_route=\/wp\/v2\/users\/4"}],"replies":[{"embeddable":true,"href":"https:\/\/fredrikstad.katolsk.no\/index.php?rest_route=%2Fwp%2Fv2%2Fcomments&post=6394"}],"version-history":[{"count":2,"href":"https:\/\/fredrikstad.katolsk.no\/index.php?rest_route=\/wp\/v2\/posts\/6394\/revisions"}],"predecessor-version":[{"id":6408,"href":"https:\/\/fredrikstad.katolsk.no\/index.php?rest_route=\/wp\/v2\/posts\/6394\/revisions\/6408"}],"wp:attachment":[{"href":"https:\/\/fredrikstad.katolsk.no\/index.php?rest_route=%2Fwp%2Fv2%2Fmedia&parent=6394"}],"wp:term":[{"taxonomy":"category","embeddable":true,"href":"https:\/\/fredrikstad.katolsk.no\/index.php?rest_route=%2Fwp%2Fv2%2Fcategories&post=6394"},{"taxonomy":"post_tag","embeddable":true,"href":"https:\/\/fredrikstad.katolsk.no\/index.php?rest_route=%2Fwp%2Fv2%2Ftags&post=6394"}],"curies":[{"name":"wp","href":"https:\/\/api.w.org\/{rel}","templated":true}]}}