{"id":6425,"date":"2019-07-26T15:19:04","date_gmt":"2019-07-26T13:19:04","guid":{"rendered":"http:\/\/fredrikstad.katolsk.no\/?p=6425"},"modified":"2019-07-26T15:19:04","modified_gmt":"2019-07-26T13:19:04","slug":"sondagsbrev-28-juli-2019-17-alm-sondag-ar-c-den-hellige-olav-siedemnasta-niedziela-zwykla-rok-c-uroczystosc-sw-olafa","status":"publish","type":"post","link":"https:\/\/fredrikstad.katolsk.no\/?p=6425","title":{"rendered":"S\u00f8ndagsbrev 28. juli 2019, 17. alm. s\u00f8ndag, \u00e5r C.   Den hellige Olav.  Siedemnasta Niedziela zwyk\u0142a  Rok C.  Uroczystosc Sw. Olafa."},"content":{"rendered":"<p><a href=\"http:\/\/fredrikstad.katolsk.no\/wp-content\/uploads\/2017\/07\/olav_den_hellige.jpg\"><img loading=\"lazy\" decoding=\"async\" class=\"alignnone size-full wp-image-4748 aligncenter\" src=\"http:\/\/fredrikstad.katolsk.no\/wp-content\/uploads\/2017\/07\/olav_den_hellige.jpg\" alt=\"olav_den_hellige\" width=\"250\" height=\"268\" \/><\/a><\/p>\n<p style=\"text-align: left;\">Da vi ikke har messe p\u00e5 mandag 29. juli, feirer vi Hellige Olav p\u00e5 s\u00f8ndag den 28. juli.<\/p>\n<p>Les s\u00f8ndagsbrevet her:\u00a0\u00a0<a href=\"http:\/\/fredrikstad.katolsk.no\/wp-content\/uploads\/2019\/07\/OLSOK-17.-alm.-s\u00f8n-2019-C.pdf\">OLSOK-17. alm. s\u00f8n- 2019-C<\/a><\/p>\n<p>S\u00f8ndagens lesninger p\u00e5 norsk finnes her:\u00a0\u00a0<a href=\"http:\/\/fredrikstad.katolsk.no\/wp-content\/uploads\/2019\/07\/Lesninger-Den-hellige-Olav-29.-juli.pdf\">Lesninger Den hellige Olav (29. juli)<\/a><\/p>\n<p>Polsku:\u00a0\u00a0<a href=\"http:\/\/fredrikstad.katolsk.no\/wp-content\/uploads\/2019\/07\/Polsk-s\u00f8ndagsblad-OLSOK-\u2013-29.-JULI-Uroczystosc-Sw.-Olafa-\u2013-29-lipca.pdf\">Polsk s\u00f8ndagsblad -OLSOK \u2013 29. JULI &#8211; Uroczystosc Sw. Olafa \u2013 29 lipca<\/a><\/p>\n","protected":false},"excerpt":{"rendered":"<p>Da vi ikke har messe p\u00e5 mandag 29. juli, feirer vi Hellige Olav p\u00e5 s\u00f8ndag den 28. juli. Les s\u00f8ndagsbrevet her:\u00a0\u00a0OLSOK-17. alm. s\u00f8n- 2019-C S\u00f8ndagens lesninger p\u00e5 norsk finnes her:\u00a0\u00a0Lesninger Den hellige Olav (29. juli) Polsku:\u00a0\u00a0Polsk s\u00f8ndagsblad -OLSOK \u2013 29. &hellip; <a href=\"https:\/\/fredrikstad.katolsk.no\/?p=6425\">Les videre <span class=\"meta-nav\">&rarr;<\/span><\/a><\/p>\n","protected":false},"author":4,"featured_media":0,"comment_status":"closed","ping_status":"open","sticky":false,"template":"","format":"standard","meta":{"footnotes":""},"categories":[6,15,30],"tags":[],"class_list":["post-6425","post","type-post","status-publish","format-standard","hentry","category-nyheter","category-pa-polsk","category-sondagsbrev"],"_links":{"self":[{"href":"https:\/\/fredrikstad.katolsk.no\/index.php?rest_route=\/wp\/v2\/posts\/6425","targetHints":{"allow":["GET"]}}],"collection":[{"href":"https:\/\/fredrikstad.katolsk.no\/index.php?rest_route=\/wp\/v2\/posts"}],"about":[{"href":"https:\/\/fredrikstad.katolsk.no\/index.php?rest_route=\/wp\/v2\/types\/post"}],"author":[{"embeddable":true,"href":"https:\/\/fredrikstad.katolsk.no\/index.php?rest_route=\/wp\/v2\/users\/4"}],"replies":[{"embeddable":true,"href":"https:\/\/fredrikstad.katolsk.no\/index.php?rest_route=%2Fwp%2Fv2%2Fcomments&post=6425"}],"version-history":[{"count":3,"href":"https:\/\/fredrikstad.katolsk.no\/index.php?rest_route=\/wp\/v2\/posts\/6425\/revisions"}],"predecessor-version":[{"id":6438,"href":"https:\/\/fredrikstad.katolsk.no\/index.php?rest_route=\/wp\/v2\/posts\/6425\/revisions\/6438"}],"wp:attachment":[{"href":"https:\/\/fredrikstad.katolsk.no\/index.php?rest_route=%2Fwp%2Fv2%2Fmedia&parent=6425"}],"wp:term":[{"taxonomy":"category","embeddable":true,"href":"https:\/\/fredrikstad.katolsk.no\/index.php?rest_route=%2Fwp%2Fv2%2Fcategories&post=6425"},{"taxonomy":"post_tag","embeddable":true,"href":"https:\/\/fredrikstad.katolsk.no\/index.php?rest_route=%2Fwp%2Fv2%2Ftags&post=6425"}],"curies":[{"name":"wp","href":"https:\/\/api.w.org\/{rel}","templated":true}]}}