{"id":6483,"date":"2019-08-30T15:20:14","date_gmt":"2019-08-30T13:20:14","guid":{"rendered":"http:\/\/fredrikstad.katolsk.no\/?p=6483"},"modified":"2019-09-03T16:29:19","modified_gmt":"2019-09-03T14:29:19","slug":"sondagsbrev-1-september-2019-22-alm-sondag-ar-c-dwudziesta-druga-niedziela-zwykla-rok-c","status":"publish","type":"post","link":"https:\/\/fredrikstad.katolsk.no\/?p=6483","title":{"rendered":"S\u00f8ndagsbrev 1. september 2019, 22. alm. s\u00f8ndag, \u00e5r C.  Dwudziesta druga Niedziela zwyk\u0142a  Rok C."},"content":{"rendered":"<p>Les s\u00f8ndagsbrevet her:\u00a0\u00a0<a href=\"http:\/\/fredrikstad.katolsk.no\/wp-content\/uploads\/2019\/08\/22.-alm.-s\u00f8n-2019-C.pdf\">22. alm. s\u00f8n- 2019-C<\/a><\/p>\n<p>S\u00f8ndagens lesninger p\u00e5 norsk finnes her:\u00a0\u00a0<a href=\"http:\/\/fredrikstad.katolsk.no\/wp-content\/uploads\/2019\/08\/Lesninger-22.-s\u00f8ndag-i-det-alminnelige-kirke\u00e5r-\u00e5r-C.pdf\">Lesninger 22. s\u00f8ndag i det alminnelige kirke\u00e5r (\u00e5r C)<\/a><\/p>\n<p>Polsku:\u00a0\u00a0<a href=\"http:\/\/fredrikstad.katolsk.no\/wp-content\/uploads\/2019\/08\/Polsk-s\u00f8ndagsblad-22.-alm.-s\u00f8ndag-Dwudziesta-druga-Niedziela-zwyk\u0142a-C.pdf\">Polsk s\u00f8ndagsblad &#8211; 22. alm. s\u00f8ndag-Dwudziesta druga Niedziela zwyk\u0142a- C<\/a><\/p>\n<p>NB. Fransk messe l\u00f8rdag 7. september er avlyst.<\/p>\n","protected":false},"excerpt":{"rendered":"<p>Les s\u00f8ndagsbrevet her:\u00a0\u00a022. alm. s\u00f8n- 2019-C S\u00f8ndagens lesninger p\u00e5 norsk finnes her:\u00a0\u00a0Lesninger 22. s\u00f8ndag i det alminnelige kirke\u00e5r (\u00e5r C) Polsku:\u00a0\u00a0Polsk s\u00f8ndagsblad &#8211; 22. alm. s\u00f8ndag-Dwudziesta druga Niedziela zwyk\u0142a- C NB. Fransk messe l\u00f8rdag 7. september er avlyst.<\/p>\n","protected":false},"author":4,"featured_media":0,"comment_status":"closed","ping_status":"open","sticky":false,"template":"","format":"standard","meta":{"footnotes":""},"categories":[6,15,30],"tags":[],"class_list":["post-6483","post","type-post","status-publish","format-standard","hentry","category-nyheter","category-pa-polsk","category-sondagsbrev"],"_links":{"self":[{"href":"https:\/\/fredrikstad.katolsk.no\/index.php?rest_route=\/wp\/v2\/posts\/6483","targetHints":{"allow":["GET"]}}],"collection":[{"href":"https:\/\/fredrikstad.katolsk.no\/index.php?rest_route=\/wp\/v2\/posts"}],"about":[{"href":"https:\/\/fredrikstad.katolsk.no\/index.php?rest_route=\/wp\/v2\/types\/post"}],"author":[{"embeddable":true,"href":"https:\/\/fredrikstad.katolsk.no\/index.php?rest_route=\/wp\/v2\/users\/4"}],"replies":[{"embeddable":true,"href":"https:\/\/fredrikstad.katolsk.no\/index.php?rest_route=%2Fwp%2Fv2%2Fcomments&post=6483"}],"version-history":[{"count":2,"href":"https:\/\/fredrikstad.katolsk.no\/index.php?rest_route=\/wp\/v2\/posts\/6483\/revisions"}],"predecessor-version":[{"id":6501,"href":"https:\/\/fredrikstad.katolsk.no\/index.php?rest_route=\/wp\/v2\/posts\/6483\/revisions\/6501"}],"wp:attachment":[{"href":"https:\/\/fredrikstad.katolsk.no\/index.php?rest_route=%2Fwp%2Fv2%2Fmedia&parent=6483"}],"wp:term":[{"taxonomy":"category","embeddable":true,"href":"https:\/\/fredrikstad.katolsk.no\/index.php?rest_route=%2Fwp%2Fv2%2Fcategories&post=6483"},{"taxonomy":"post_tag","embeddable":true,"href":"https:\/\/fredrikstad.katolsk.no\/index.php?rest_route=%2Fwp%2Fv2%2Ftags&post=6483"}],"curies":[{"name":"wp","href":"https:\/\/api.w.org\/{rel}","templated":true}]}}