{"id":6513,"date":"2019-09-13T14:45:41","date_gmt":"2019-09-13T12:45:41","guid":{"rendered":"http:\/\/fredrikstad.katolsk.no\/?p=6513"},"modified":"2019-09-13T14:45:52","modified_gmt":"2019-09-13T12:45:52","slug":"sondagsbrev15-september-2019-24-alm-sondag-ar-c-den-salige-jomfru-marias-smerter-dwudziesta-czwarta-niedziela-zwykla-rok-c","status":"publish","type":"post","link":"https:\/\/fredrikstad.katolsk.no\/?p=6513","title":{"rendered":"S\u00f8ndagsbrev 15. september 2019, 24. alm. s\u00f8ndag, \u00e5r C.   Den salige Jomfru Marias smerter. Dwudziesta czwarta Niedziela zwyk\u0142a  Rok C."},"content":{"rendered":"<p style=\"text-align: center;\"><a href=\"http:\/\/fredrikstad.katolsk.no\/wp-content\/uploads\/2019\/09\/olsorrow.jpg\"><img loading=\"lazy\" decoding=\"async\" class=\"alignnone size-medium wp-image-6514\" src=\"http:\/\/fredrikstad.katolsk.no\/wp-content\/uploads\/2019\/09\/olsorrow-179x300.jpg\" alt=\"olsorrow\" width=\"179\" height=\"300\" srcset=\"https:\/\/fredrikstad.katolsk.no\/wp-content\/uploads\/2019\/09\/olsorrow-179x300.jpg 179w, https:\/\/fredrikstad.katolsk.no\/wp-content\/uploads\/2019\/09\/olsorrow.jpg 250w\" sizes=\"auto, (max-width: 179px) 100vw, 179px\" \/><\/a><\/p>\n<p>Les s\u00f8ndagsbrevet her:\u00a0\u00a0<a href=\"http:\/\/fredrikstad.katolsk.no\/wp-content\/uploads\/2019\/09\/24.-alm.-s\u00f8n-2019-C.pdf\">24. alm. s\u00f8n- 2019-C<\/a><\/p>\n<p>S\u00f8ndagens lesninger p\u00e5 norsk finnes her:\u00a0 \u00a0<a href=\"http:\/\/fredrikstad.katolsk.no\/wp-content\/uploads\/2019\/09\/Lesninger-24.-s\u00f8ndag-i-det-alminnelige-kirke\u00e5r-\u00e5r-C.pdf\">Lesninger 24. s\u00f8ndag i det alminnelige kirke\u00e5r (\u00e5r C)<\/a><\/p>\n<p>Polsku:\u00a0\u00a0<a href=\"http:\/\/fredrikstad.katolsk.no\/wp-content\/uploads\/2019\/09\/Polsk-s\u00f8ndagsblad-24.-alm.s\u00f8ndag-Dwudziesta-czwarta-Niedziela-zwyk\u0142a-Rok-C.pdf\">Polsk s\u00f8ndagsblad -24. alm.s\u00f8ndag-Dwudziesta czwarta Niedziela zwyk\u0142a Rok C<\/a><\/p>\n","protected":false},"excerpt":{"rendered":"<p>Les s\u00f8ndagsbrevet her:\u00a0\u00a024. alm. s\u00f8n- 2019-C S\u00f8ndagens lesninger p\u00e5 norsk finnes her:\u00a0 \u00a0Lesninger 24. s\u00f8ndag i det alminnelige kirke\u00e5r (\u00e5r C) Polsku:\u00a0\u00a0Polsk s\u00f8ndagsblad -24. alm.s\u00f8ndag-Dwudziesta czwarta Niedziela zwyk\u0142a Rok C<\/p>\n","protected":false},"author":4,"featured_media":0,"comment_status":"closed","ping_status":"open","sticky":false,"template":"","format":"standard","meta":{"footnotes":""},"categories":[6,15,30],"tags":[],"class_list":["post-6513","post","type-post","status-publish","format-standard","hentry","category-nyheter","category-pa-polsk","category-sondagsbrev"],"_links":{"self":[{"href":"https:\/\/fredrikstad.katolsk.no\/index.php?rest_route=\/wp\/v2\/posts\/6513","targetHints":{"allow":["GET"]}}],"collection":[{"href":"https:\/\/fredrikstad.katolsk.no\/index.php?rest_route=\/wp\/v2\/posts"}],"about":[{"href":"https:\/\/fredrikstad.katolsk.no\/index.php?rest_route=\/wp\/v2\/types\/post"}],"author":[{"embeddable":true,"href":"https:\/\/fredrikstad.katolsk.no\/index.php?rest_route=\/wp\/v2\/users\/4"}],"replies":[{"embeddable":true,"href":"https:\/\/fredrikstad.katolsk.no\/index.php?rest_route=%2Fwp%2Fv2%2Fcomments&post=6513"}],"version-history":[{"count":3,"href":"https:\/\/fredrikstad.katolsk.no\/index.php?rest_route=\/wp\/v2\/posts\/6513\/revisions"}],"predecessor-version":[{"id":6529,"href":"https:\/\/fredrikstad.katolsk.no\/index.php?rest_route=\/wp\/v2\/posts\/6513\/revisions\/6529"}],"wp:attachment":[{"href":"https:\/\/fredrikstad.katolsk.no\/index.php?rest_route=%2Fwp%2Fv2%2Fmedia&parent=6513"}],"wp:term":[{"taxonomy":"category","embeddable":true,"href":"https:\/\/fredrikstad.katolsk.no\/index.php?rest_route=%2Fwp%2Fv2%2Fcategories&post=6513"},{"taxonomy":"post_tag","embeddable":true,"href":"https:\/\/fredrikstad.katolsk.no\/index.php?rest_route=%2Fwp%2Fv2%2Ftags&post=6513"}],"curies":[{"name":"wp","href":"https:\/\/api.w.org\/{rel}","templated":true}]}}