{"id":6521,"date":"2019-09-27T10:31:20","date_gmt":"2019-09-27T08:31:20","guid":{"rendered":"http:\/\/fredrikstad.katolsk.no\/?p=6521"},"modified":"2019-10-01T16:54:38","modified_gmt":"2019-10-01T14:54:38","slug":"sondagsbrev-29-september-2019-26-alm-sondag-ar-c-caritas-sondag-dwudziesta-szosta-niedziela-zwykla-rok-c","status":"publish","type":"post","link":"https:\/\/fredrikstad.katolsk.no\/?p=6521","title":{"rendered":"S\u00f8ndagsbrev 29. september 2019, 26. alm. s\u00f8ndag, \u00e5r C.  Caritas-s\u00f8ndag.  Dwudziesta  sz\u00f3sta Niedziela zwyk\u0142a  Rok C."},"content":{"rendered":"<p style=\"text-align: center;\"><a href=\"http:\/\/fredrikstad.katolsk.no\/wp-content\/uploads\/2019\/09\/Caritas.png\"><img loading=\"lazy\" decoding=\"async\" class=\"alignnone size-full wp-image-6535\" src=\"http:\/\/fredrikstad.katolsk.no\/wp-content\/uploads\/2019\/09\/Caritas.png\" alt=\"Caritas\" width=\"225\" height=\"225\" srcset=\"https:\/\/fredrikstad.katolsk.no\/wp-content\/uploads\/2019\/09\/Caritas.png 225w, https:\/\/fredrikstad.katolsk.no\/wp-content\/uploads\/2019\/09\/Caritas-150x150.png 150w\" sizes=\"auto, (max-width: 225px) 100vw, 225px\" \/><\/a><\/p>\n<p>Les s\u00f8ndagsbrevet her:\u00a0\u00a0<a href=\"http:\/\/fredrikstad.katolsk.no\/wp-content\/uploads\/2019\/09\/26.-alm.-s\u00f8n-2019-C1.pdf\">26. alm. s\u00f8n- 2019-C<\/a><\/p>\n<p>S\u00f8ndagens lesninger p\u00e5 norsk finnes her:\u00a0\u00a0<a href=\"http:\/\/fredrikstad.katolsk.no\/wp-content\/uploads\/2019\/09\/Lesninger-26.-s\u00f8ndag-i-det-alminnelige-kirke\u00e5r-\u00e5r-C.pdf\">Lesninger 26. s\u00f8ndag i det alminnelige kirke\u00e5r (\u00e5r C)<\/a><\/p>\n<p>Polsku:\u00a0\u00a0<a href=\"http:\/\/fredrikstad.katolsk.no\/wp-content\/uploads\/2019\/09\/Polsk-s\u00f8ndagsblad-26.-alm.-s\u00f8ndag-Dwudziesta-sz\u00f3sta-Niedziela-zwyk\u0142a-Rok-C.pdf\">Polsk s\u00f8ndagsblad &#8211; 26. alm. s\u00f8ndag-Dwudziesta sz\u00f3sta Niedziela zwyk\u0142a Rok C<\/a><\/p>\n","protected":false},"excerpt":{"rendered":"<p>Les s\u00f8ndagsbrevet her:\u00a0\u00a026. alm. s\u00f8n- 2019-C S\u00f8ndagens lesninger p\u00e5 norsk finnes her:\u00a0\u00a0Lesninger 26. s\u00f8ndag i det alminnelige kirke\u00e5r (\u00e5r C) Polsku:\u00a0\u00a0Polsk s\u00f8ndagsblad &#8211; 26. alm. s\u00f8ndag-Dwudziesta sz\u00f3sta Niedziela zwyk\u0142a Rok C<\/p>\n","protected":false},"author":4,"featured_media":0,"comment_status":"closed","ping_status":"open","sticky":false,"template":"","format":"standard","meta":{"footnotes":""},"categories":[6,15,30],"tags":[],"class_list":["post-6521","post","type-post","status-publish","format-standard","hentry","category-nyheter","category-pa-polsk","category-sondagsbrev"],"_links":{"self":[{"href":"https:\/\/fredrikstad.katolsk.no\/index.php?rest_route=\/wp\/v2\/posts\/6521","targetHints":{"allow":["GET"]}}],"collection":[{"href":"https:\/\/fredrikstad.katolsk.no\/index.php?rest_route=\/wp\/v2\/posts"}],"about":[{"href":"https:\/\/fredrikstad.katolsk.no\/index.php?rest_route=\/wp\/v2\/types\/post"}],"author":[{"embeddable":true,"href":"https:\/\/fredrikstad.katolsk.no\/index.php?rest_route=\/wp\/v2\/users\/4"}],"replies":[{"embeddable":true,"href":"https:\/\/fredrikstad.katolsk.no\/index.php?rest_route=%2Fwp%2Fv2%2Fcomments&post=6521"}],"version-history":[{"count":4,"href":"https:\/\/fredrikstad.katolsk.no\/index.php?rest_route=\/wp\/v2\/posts\/6521\/revisions"}],"predecessor-version":[{"id":6556,"href":"https:\/\/fredrikstad.katolsk.no\/index.php?rest_route=\/wp\/v2\/posts\/6521\/revisions\/6556"}],"wp:attachment":[{"href":"https:\/\/fredrikstad.katolsk.no\/index.php?rest_route=%2Fwp%2Fv2%2Fmedia&parent=6521"}],"wp:term":[{"taxonomy":"category","embeddable":true,"href":"https:\/\/fredrikstad.katolsk.no\/index.php?rest_route=%2Fwp%2Fv2%2Fcategories&post=6521"},{"taxonomy":"post_tag","embeddable":true,"href":"https:\/\/fredrikstad.katolsk.no\/index.php?rest_route=%2Fwp%2Fv2%2Ftags&post=6521"}],"curies":[{"name":"wp","href":"https:\/\/api.w.org\/{rel}","templated":true}]}}