{"id":6558,"date":"2019-10-04T15:30:53","date_gmt":"2019-10-04T13:30:53","guid":{"rendered":"http:\/\/fredrikstad.katolsk.no\/?p=6558"},"modified":"2019-10-04T15:31:41","modified_gmt":"2019-10-04T13:31:41","slug":"sondagsbrev-6-oktober-2019-27-alm-sondag-ar-c-dwudziesta-siodma-niedziela-zwykla-rok-c","status":"publish","type":"post","link":"https:\/\/fredrikstad.katolsk.no\/?p=6558","title":{"rendered":"S\u00f8ndagsbrev 6. oktober 2019, 27. alm. s\u00f8ndag, \u00e5r C.  Dwudziesta  si\u00f3dma Niedziela zwyk\u0142a  Rok C."},"content":{"rendered":"<p><a href=\"http:\/\/fredrikstad.katolsk.no\/wp-content\/uploads\/2019\/10\/V\u00e5r-Frue-av-Rosenkransen.jpg\"><img loading=\"lazy\" decoding=\"async\" class=\"alignnone size-full wp-image-6562 aligncenter\" src=\"http:\/\/fredrikstad.katolsk.no\/wp-content\/uploads\/2019\/10\/V\u00e5r-Frue-av-Rosenkransen.jpg\" alt=\"V\u00e5r Frue av Rosenkransen\" width=\"200\" height=\"278\" \/><\/a><\/p>\n<p style=\"text-align: center;\">V\u00e5r Frue av Rosenkransen &#8211; 7. oktober<\/p>\n<p>Les s\u00f8ndagsbrevet her:\u00a0\u00a0<a href=\"http:\/\/fredrikstad.katolsk.no\/wp-content\/uploads\/2019\/10\/27.-alm.-s\u00f8n-2019-C.pdf\">27. alm. s\u00f8n- 2019-C<\/a><\/p>\n<p>S\u00f8ndagens lesninger p\u00e5 norsk finnes her:\u00a0\u00a0<a href=\"http:\/\/fredrikstad.katolsk.no\/wp-content\/uploads\/2019\/10\/Lesninger-27.-s\u00f8ndag-i-det-alminnelige-kirke\u00e5r-\u00e5r-C.pdf\">Lesninger 27. s\u00f8ndag i det alminnelige kirke\u00e5r (\u00e5r C)<\/a><\/p>\n<p>Polsku:\u00a0\u00a0<a href=\"http:\/\/fredrikstad.katolsk.no\/wp-content\/uploads\/2019\/10\/Polsk-s\u00f8ndagsblad-27-alm.-s\u00f8ndag-Dwudziesta-si\u00f3dma-Niedziela-zwyk\u0142a-Rok-C.pdf\">Polsk s\u00f8ndagsblad- 27 alm. s\u00f8ndag-Dwudziesta si\u00f3dma Niedziela zwyk\u0142a Rok C<\/a><\/p>\n","protected":false},"excerpt":{"rendered":"<p>V\u00e5r Frue av Rosenkransen &#8211; 7. oktober Les s\u00f8ndagsbrevet her:\u00a0\u00a027. alm. s\u00f8n- 2019-C S\u00f8ndagens lesninger p\u00e5 norsk finnes her:\u00a0\u00a0Lesninger 27. s\u00f8ndag i det alminnelige kirke\u00e5r (\u00e5r C) Polsku:\u00a0\u00a0Polsk s\u00f8ndagsblad- 27 alm. s\u00f8ndag-Dwudziesta si\u00f3dma Niedziela zwyk\u0142a Rok C<\/p>\n","protected":false},"author":4,"featured_media":0,"comment_status":"closed","ping_status":"open","sticky":false,"template":"","format":"standard","meta":{"footnotes":""},"categories":[6,15,30],"tags":[],"class_list":["post-6558","post","type-post","status-publish","format-standard","hentry","category-nyheter","category-pa-polsk","category-sondagsbrev"],"_links":{"self":[{"href":"https:\/\/fredrikstad.katolsk.no\/index.php?rest_route=\/wp\/v2\/posts\/6558","targetHints":{"allow":["GET"]}}],"collection":[{"href":"https:\/\/fredrikstad.katolsk.no\/index.php?rest_route=\/wp\/v2\/posts"}],"about":[{"href":"https:\/\/fredrikstad.katolsk.no\/index.php?rest_route=\/wp\/v2\/types\/post"}],"author":[{"embeddable":true,"href":"https:\/\/fredrikstad.katolsk.no\/index.php?rest_route=\/wp\/v2\/users\/4"}],"replies":[{"embeddable":true,"href":"https:\/\/fredrikstad.katolsk.no\/index.php?rest_route=%2Fwp%2Fv2%2Fcomments&post=6558"}],"version-history":[{"count":3,"href":"https:\/\/fredrikstad.katolsk.no\/index.php?rest_route=\/wp\/v2\/posts\/6558\/revisions"}],"predecessor-version":[{"id":6565,"href":"https:\/\/fredrikstad.katolsk.no\/index.php?rest_route=\/wp\/v2\/posts\/6558\/revisions\/6565"}],"wp:attachment":[{"href":"https:\/\/fredrikstad.katolsk.no\/index.php?rest_route=%2Fwp%2Fv2%2Fmedia&parent=6558"}],"wp:term":[{"taxonomy":"category","embeddable":true,"href":"https:\/\/fredrikstad.katolsk.no\/index.php?rest_route=%2Fwp%2Fv2%2Fcategories&post=6558"},{"taxonomy":"post_tag","embeddable":true,"href":"https:\/\/fredrikstad.katolsk.no\/index.php?rest_route=%2Fwp%2Fv2%2Ftags&post=6558"}],"curies":[{"name":"wp","href":"https:\/\/api.w.org\/{rel}","templated":true}]}}