{"id":6722,"date":"2019-12-20T13:04:43","date_gmt":"2019-12-20T12:04:43","guid":{"rendered":"http:\/\/fredrikstad.katolsk.no\/?p=6722"},"modified":"2019-12-20T13:17:16","modified_gmt":"2019-12-20T12:17:16","slug":"messer-i-juletiden-20192020","status":"publish","type":"post","link":"https:\/\/fredrikstad.katolsk.no\/?p=6722","title":{"rendered":"MESSER I JULETIDEN 2019\/2020"},"content":{"rendered":"<p>* <strong>Julaften, tirsdag 24. des.<\/strong>\u00a0 kl.21.00. Polsk messe<\/p>\n<p>kl.23.00. Midnattsmesse<\/p>\n<p>* <strong>1. Juledag, onsdag 25.des<\/strong>. kl.11.00. H\u00f8ymesse.<\/p>\n<p>kl.18.00. Juledagens kveldsmesse.<\/p>\n<p>* <strong>2. Juledag, torsdag 26. des.<\/strong> kl.11.00. Den Hl. Stefan<strong>. Fest.<\/strong><\/p>\n<p>kl.13.00. Kaldeisk messe.<\/p>\n<p>kl.16.00. Polsk messe.<\/p>\n<p>* <strong>Fredag 27. des.<\/strong> kl.11.00. Den Hl. Johannes. Apostel og Evangelist. <strong>Fest.<\/strong><\/p>\n<p>*<strong>L\u00f8rdag 28.des.<\/strong>\u00a0 kl.18.00. De uskyldige barn i Betlehem. Martyrer. <strong>Fest<\/strong>.<\/p>\n<p><strong>*S\u00f8ndag 29. des. <\/strong>\u00a0kl. 10.00. H\u00f8ymesse. <strong>Den Hl. Familie.<\/strong> <strong>Fest.\u00a0 \u00a0 \u00a0 \u00a0 \u00a0 \u00a0 \u00a0 \u00a0 \u00a0 \u00a0 \u00a0 \u00a0 \u00a0 \u00a0 \u00a0 \u00a0 \u00a0 \u00a0 \u00a0 \u00a0 \u00a0 \u00a0 \u00a0 \u00a0 \u00a0 \u00a0 \u00a0 \u00a0 \u00a0 \u00a0 \u00a0 \u00a0 \u00a0 \u00a0\u00a0<\/strong>18.00. Kveldsmesse<\/p>\n<p>*<strong>Tirsdag 31<\/strong>. <strong>des.<\/strong>\u00a0 kl. 18.00. Takksigelsesmesse og sakramentandakt<\/p>\n<p>*<strong>Onsdag<\/strong> <strong>1.jan.2020.<\/strong>\u00a0 kl. 10.00. Nytt\u00e5rsdag.<strong> Guds hellige Mor Maria.<\/strong><strong> \u00a0\u00a0\u00a0<\/strong><\/p>\n<p><strong>\u00a0 \u00a0 \u00a0 \u00a0 \u00a0 \u00a0 \u00a0 \u00a0 \u00a0 \u00a0 \u00a0 \u00a0 \u00a0 \u00a0 \u00a0 \u00a0 \u00a0 \u00a0 \u00a0 \u00a0 \u00a0 \u00a0 \u00a0 \u00a0 \u00a0 \u00a0 H\u00f8ytid<\/strong><\/p>\n<p><strong>*L\u00f8rdag 4. jan.2020\u00a0 <\/strong>\u00a0kl.12.30. Katekese-\/Familiemesse<\/p>\n<p><strong>\u00a0\u00a0\u00a0 kl.13.30. Juletrefest for barn<\/strong><\/p>\n<p>kl.17.30. Rosenkransandakt &#8211; norsk\u00a0 \u00a0 \u00a0 \u00a0 \u00a0 \u00a0 \u00a0 \u00a0 \u00a0 \u00a0 \u00a0 \u00a0 \u00a0 \u00a0 \u00a0 \u00a0 \u00a0 \u00a0 \u00a0 \u00a0 \u00a0 \u00a0 \u00a0 \u00a0 \u00a0 \u00a0 \u00a0 \u00a0 \u00a0 \u00a0 \u00a0 \u00a0 \u00a0 \u00a0 \u00a0 \u00a0kl.18.00. Messe. <strong>Herrens \u00c5penbaring. H\u00f8ytid.<\/strong><strong>\u00a0<\/strong>(<strong>Vigilie)<\/strong>.<\/p>\n<p><strong>* S\u00f8ndag 5. jan.2020<\/strong>\u00a0 kl.10.00. H\u00f8ymesse. <strong>Herrens \u00c5penbaring. H\u00f8ytid<\/strong><\/p>\n<p>kl.16.00. Polsk messe<\/p>\n<p>kl.18.00. Kveldsmesse<\/p>\n<p>*<strong>S\u00f8ndag 12. jan.2020. <\/strong>kl. 10.00 H\u00f8ymesse. <strong>Herrens D\u00e5p.<\/strong> <strong>Fest.<\/strong><\/p>\n<ol>\n<li>kl. 13:00 Vietnamesisk messe.<\/li>\n<li>kl. 16.00 Polsk messe. (Sarpsborg)<\/li>\n<li>kl. 16.00 Kaldeisk messe.<\/li>\n<li>kl. 18.00 Kveldsmesse.<\/li>\n<\/ol>\n<p>Se plakat her:\u00a0\u00a0<a href=\"http:\/\/fredrikstad.katolsk.no\/wp-content\/uploads\/2019\/12\/MESSER-I-JULETIDEN-2019-2020.pdf\">MESSER I JULETIDEN 2019- 2020<\/a><\/p>\n","protected":false},"excerpt":{"rendered":"<p>* Julaften, tirsdag 24. des.\u00a0 kl.21.00. Polsk messe kl.23.00. Midnattsmesse * 1. Juledag, onsdag 25.des. kl.11.00. H\u00f8ymesse. kl.18.00. Juledagens kveldsmesse. * 2. Juledag, torsdag 26. des. kl.11.00. Den Hl. Stefan. Fest. kl.13.00. Kaldeisk messe. kl.16.00. Polsk messe. * Fredag 27. &hellip; <a href=\"https:\/\/fredrikstad.katolsk.no\/?p=6722\">Les videre <span class=\"meta-nav\">&rarr;<\/span><\/a><\/p>\n","protected":false},"author":4,"featured_media":0,"comment_status":"closed","ping_status":"open","sticky":false,"template":"","format":"standard","meta":{"footnotes":""},"categories":[6],"tags":[],"class_list":["post-6722","post","type-post","status-publish","format-standard","hentry","category-nyheter"],"_links":{"self":[{"href":"https:\/\/fredrikstad.katolsk.no\/index.php?rest_route=\/wp\/v2\/posts\/6722","targetHints":{"allow":["GET"]}}],"collection":[{"href":"https:\/\/fredrikstad.katolsk.no\/index.php?rest_route=\/wp\/v2\/posts"}],"about":[{"href":"https:\/\/fredrikstad.katolsk.no\/index.php?rest_route=\/wp\/v2\/types\/post"}],"author":[{"embeddable":true,"href":"https:\/\/fredrikstad.katolsk.no\/index.php?rest_route=\/wp\/v2\/users\/4"}],"replies":[{"embeddable":true,"href":"https:\/\/fredrikstad.katolsk.no\/index.php?rest_route=%2Fwp%2Fv2%2Fcomments&post=6722"}],"version-history":[{"count":6,"href":"https:\/\/fredrikstad.katolsk.no\/index.php?rest_route=\/wp\/v2\/posts\/6722\/revisions"}],"predecessor-version":[{"id":6736,"href":"https:\/\/fredrikstad.katolsk.no\/index.php?rest_route=\/wp\/v2\/posts\/6722\/revisions\/6736"}],"wp:attachment":[{"href":"https:\/\/fredrikstad.katolsk.no\/index.php?rest_route=%2Fwp%2Fv2%2Fmedia&parent=6722"}],"wp:term":[{"taxonomy":"category","embeddable":true,"href":"https:\/\/fredrikstad.katolsk.no\/index.php?rest_route=%2Fwp%2Fv2%2Fcategories&post=6722"},{"taxonomy":"post_tag","embeddable":true,"href":"https:\/\/fredrikstad.katolsk.no\/index.php?rest_route=%2Fwp%2Fv2%2Ftags&post=6722"}],"curies":[{"name":"wp","href":"https:\/\/api.w.org\/{rel}","templated":true}]}}