{"id":7570,"date":"2020-12-30T14:52:14","date_gmt":"2020-12-30T13:52:14","guid":{"rendered":"http:\/\/fredrikstad.katolsk.no\/?p=7570"},"modified":"2020-12-30T14:52:14","modified_gmt":"2020-12-30T13:52:14","slug":"deling-av-religionsundervisningen-i-2-grupper-fra-2021","status":"publish","type":"post","link":"https:\/\/fredrikstad.katolsk.no\/?p=7570","title":{"rendered":"Deling av religionsundervisningen i 2 grupper fra 2021."},"content":{"rendered":"<p>Kj\u00e6re katekesebarn med foreldre og foresatte.<\/p>\n<p>&nbsp;<\/p>\n<p>P\u00e5 det siste kateketm\u00f8te bestemte vi \u00e5 dele katekesebarna i 2 grupper og bruke ca 2 l\u00f8rdag hver m\u00e5ned for at katekese kan fullf\u00f8res i Kirken med undervisning og messe.<\/p>\n<p>F\u00f8rste gruppe best\u00e5r av elevene i trinn 3 og trinn 8.\u00a0 De beholder de l\u00f8rdagene som allerede er bestemt.<\/p>\n<p>Andre gruppe best\u00e5r av de \u00f8vrige trinn (1,2,4,5,6,7).<\/p>\n<p>P\u00e5 denne m\u00e5ten f\u00e5r vi under 50 barn p\u00e5 katekesel\u00f8rdager delt p\u00e5 3 etasjer, dvs det blir under 20 barn pr. etasje og max. 50 personer i messen.<\/p>\n<p>Mat m\u00e5 vi fortsatt sm\u00f8re hjemme.\u00a0 Kirken serverer saft\/vann.<\/p>\n<p>Vi vil ogs\u00e5 med dette <strong>avlyse \u00e5rets juletrefest<\/strong> da vi alltid har v\u00e6rt godt over 100 deltagere.<\/p>\n<p>Vi vil vente til skoleoppstart etter juleferien p\u00e5 mandag den 4. januar for \u00e5 f\u00e5 oppdatert informasjon fra myndighetene.\u00a0 Hvis situasjonen tillater det, vil det v\u00e6re <strong>katekese for trinn 3 og 8 den 9. januar og for \u00f8vrige trinn den 16. januar.<\/strong><\/p>\n<p>Vi ber dere om \u00e5 sjekke mailen p\u00e5 tirsdag\/onsdag neste uke for mer informasjon.<\/p>\n<p>Vi \u00f8nsker alle sammen en hyggelig nytt\u00e5rsfeiring og et godt nytt \u00e5r!<\/p>\n<p>&nbsp;<\/p>\n<p>Med vennlig hilsen<\/p>\n<p>Elzbieta<\/p>\n<p>Kateketleder<\/p>\n<p>Se brevet i pdf:\u00a0\u00a0<a href=\"http:\/\/fredrikstad.katolsk.no\/wp-content\/uploads\/2020\/12\/Katekesebrev-deling-av-katekesen-2020.pdf\">Katekesebrev -deling av katekesen 2020<\/a><\/p>\n","protected":false},"excerpt":{"rendered":"<p>Kj\u00e6re katekesebarn med foreldre og foresatte. &nbsp; P\u00e5 det siste kateketm\u00f8te bestemte vi \u00e5 dele katekesebarna i 2 grupper og bruke ca 2 l\u00f8rdag hver m\u00e5ned for at katekese kan fullf\u00f8res i Kirken med undervisning og messe. F\u00f8rste gruppe best\u00e5r &hellip; <a href=\"https:\/\/fredrikstad.katolsk.no\/?p=7570\">Les videre <span class=\"meta-nav\">&rarr;<\/span><\/a><\/p>\n","protected":false},"author":4,"featured_media":0,"comment_status":"closed","ping_status":"open","sticky":false,"template":"","format":"standard","meta":{"footnotes":""},"categories":[33,6],"tags":[],"class_list":["post-7570","post","type-post","status-publish","format-standard","hentry","category-katekese","category-nyheter"],"_links":{"self":[{"href":"https:\/\/fredrikstad.katolsk.no\/index.php?rest_route=\/wp\/v2\/posts\/7570","targetHints":{"allow":["GET"]}}],"collection":[{"href":"https:\/\/fredrikstad.katolsk.no\/index.php?rest_route=\/wp\/v2\/posts"}],"about":[{"href":"https:\/\/fredrikstad.katolsk.no\/index.php?rest_route=\/wp\/v2\/types\/post"}],"author":[{"embeddable":true,"href":"https:\/\/fredrikstad.katolsk.no\/index.php?rest_route=\/wp\/v2\/users\/4"}],"replies":[{"embeddable":true,"href":"https:\/\/fredrikstad.katolsk.no\/index.php?rest_route=%2Fwp%2Fv2%2Fcomments&post=7570"}],"version-history":[{"count":1,"href":"https:\/\/fredrikstad.katolsk.no\/index.php?rest_route=\/wp\/v2\/posts\/7570\/revisions"}],"predecessor-version":[{"id":7572,"href":"https:\/\/fredrikstad.katolsk.no\/index.php?rest_route=\/wp\/v2\/posts\/7570\/revisions\/7572"}],"wp:attachment":[{"href":"https:\/\/fredrikstad.katolsk.no\/index.php?rest_route=%2Fwp%2Fv2%2Fmedia&parent=7570"}],"wp:term":[{"taxonomy":"category","embeddable":true,"href":"https:\/\/fredrikstad.katolsk.no\/index.php?rest_route=%2Fwp%2Fv2%2Fcategories&post=7570"},{"taxonomy":"post_tag","embeddable":true,"href":"https:\/\/fredrikstad.katolsk.no\/index.php?rest_route=%2Fwp%2Fv2%2Ftags&post=7570"}],"curies":[{"name":"wp","href":"https:\/\/api.w.org\/{rel}","templated":true}]}}