{"id":7855,"date":"2021-05-07T16:46:01","date_gmt":"2021-05-07T14:46:01","guid":{"rendered":"http:\/\/fredrikstad.katolsk.no\/?p=7855"},"modified":"2021-05-07T16:54:15","modified_gmt":"2021-05-07T14:54:15","slug":"caritas-arendal-arrangerer-kurser-for-innvandrere-pa-teams","status":"publish","type":"post","link":"https:\/\/fredrikstad.katolsk.no\/?p=7855","title":{"rendered":"Caritas Arendal arrangerer 2 kurser for innvandrere p\u00e5 Teams."},"content":{"rendered":"<p>I n\u00e6rmeste dagene organiserer Caritas Arendal 2 kurser for innvandrere p\u00e5 Teams.<\/p>\n<p>Kanskje noen av v\u00e5re medlemmer kunne tenke seg \u00e5 v\u00e6re med p\u00e5 dem?<\/p>\n<p>Det er sikker mange der ute som kunne ha nytte av v\u00e5re kurs.\u00a0\u00a0<a href=\"https:\/\/www.menigheten.stfx.no\/index.php?pageID=145\">Lenke til informasjon om kurs p\u00e5 St. Franciskus Xaverius &#8211; hjemmeside<\/a><\/p>\n<p>Kursene blir p\u00e5 norsk, men det er ogs\u00e5 mulig \u00e5 gjennomf\u00f8re dem p\u00e5 polsk, hvis det blir mange polske deltakere.<\/p>\n<ol>\n<li><strong>&laquo;INNF\u00d8RING I CV OG S\u00d8KNADSSKRIVING&raquo;<\/strong><strong>GRATIS ONLINEKURS (p\u00e5 TEAMS)<\/strong><br \/>\nP\u00e5 dette kurset f\u00e5r du mange gode tips om hvordan en god s\u00f8knad og CV skrives, samt du skal f\u00e5 noen r\u00e5d og tips ang\u00e5ende jobbs\u00f8king.<br \/>\n<strong><u>2 m\u00f8ter p\u00e5 TEAMS:<\/u><\/strong><br \/>\n<strong>Mandag 10. mai kl. 19.00 \u2013 21.00<\/strong><br \/>\n<strong>Tirsdag 11. mai kl. 19.00 \u2013 21.00\u00a0 \u00a0 \u00a0 \u00a0 \u00a0 \u00a0 \u00a0 \u00a0 \u00a0 \u00a0 \u00a0 \u00a0 \u00a0 \u00a0 \u00a0 \u00a0 \u00a0 \u00a0 \u00a0 \u00a0 \u00a0 \u00a0 \u00a0 \u00a0 \u00a0 \u00a0 \u00a0 \u00a0 \u00a0 \u00a0 \u00a0 \u00a0 \u00a0 \u00a0 \u00a0 \u00a0 \u00a0 \u00a0<\/strong><strong>P\u00c5MELDING til 10. mai\u00a0<\/strong>via lenken:\u00a0<a href=\"https:\/\/forms.office.com\/r\/a3G7RwxKZE\">KURS &#8211; CV og S\u00d8KNAD P\u00c5MELDING<\/a><br \/>\neller p\u00e5 e-post til\u00a0<a href=\"mailto:arendal@katolsk.no\">arendal@katolsk.no<\/a>\u00a0merket med \u00abCV og S\u00d8KNAD og ditt navn\u00bbInformasjon om innlogging p\u00e5 TEAMS sendes til p\u00e5meldte p\u00e5 e-post.<\/p>\n<p><strong>2. \u00abINNF\u00d8RING I BRUK AV DIGITALE TJENNESTER\u00bb GRATIS ONLINEKURS (p\u00e5 TEAMS)\u00a0<\/strong><br \/>\nKurset hjelper deg \u00e5 bli kjent med hvor du finner og hvordan du bruker offentlige tjenester.<br \/>\n<strong><u>2 m\u00f8ter p\u00e5 TEAMS:<\/u><br \/>\n<\/strong><strong>Tirsdag 18. mai kl. 19.00 &#8211; 21.00<\/strong><br \/>\n<strong>Torsdag 20. mai kl. 19.00 \u2013 21.00<\/strong><\/p>\n<p><strong>P\u00c5MELDING til 15. mai<\/strong>, via lenken til p\u00e5melding:\u00a0<a href=\"https:\/\/forms.office.com\/r\/dtJ3Sg1Pne\">DIGITALE TJENESTER &#8211; P\u00c5MELDING<\/a><br \/>\neller p\u00e5 e-post til\u00a0<a href=\"mailto:arendal@katolsk.no\">arendal@katolsk.no<\/a>\u00a0merket med \u00abDIGITALE TJENESTER og ditt navn\u00bb<\/p>\n<p>Informasjon om innlogging p\u00e5 TEAMS sendes til p\u00e5meldte p\u00e5 e-post.<\/li>\n<\/ol>\n<p>&nbsp;<\/p>\n","protected":false},"excerpt":{"rendered":"<p>I n\u00e6rmeste dagene organiserer Caritas Arendal 2 kurser for innvandrere p\u00e5 Teams. Kanskje noen av v\u00e5re medlemmer kunne tenke seg \u00e5 v\u00e6re med p\u00e5 dem? Det er sikker mange der ute som kunne ha nytte av v\u00e5re kurs.\u00a0\u00a0Lenke til informasjon &hellip; <a href=\"https:\/\/fredrikstad.katolsk.no\/?p=7855\">Les videre <span class=\"meta-nav\">&rarr;<\/span><\/a><\/p>\n","protected":false},"author":4,"featured_media":0,"comment_status":"closed","ping_status":"open","sticky":false,"template":"","format":"standard","meta":{"footnotes":""},"categories":[6],"tags":[],"class_list":["post-7855","post","type-post","status-publish","format-standard","hentry","category-nyheter"],"_links":{"self":[{"href":"https:\/\/fredrikstad.katolsk.no\/index.php?rest_route=\/wp\/v2\/posts\/7855","targetHints":{"allow":["GET"]}}],"collection":[{"href":"https:\/\/fredrikstad.katolsk.no\/index.php?rest_route=\/wp\/v2\/posts"}],"about":[{"href":"https:\/\/fredrikstad.katolsk.no\/index.php?rest_route=\/wp\/v2\/types\/post"}],"author":[{"embeddable":true,"href":"https:\/\/fredrikstad.katolsk.no\/index.php?rest_route=\/wp\/v2\/users\/4"}],"replies":[{"embeddable":true,"href":"https:\/\/fredrikstad.katolsk.no\/index.php?rest_route=%2Fwp%2Fv2%2Fcomments&post=7855"}],"version-history":[{"count":4,"href":"https:\/\/fredrikstad.katolsk.no\/index.php?rest_route=\/wp\/v2\/posts\/7855\/revisions"}],"predecessor-version":[{"id":7860,"href":"https:\/\/fredrikstad.katolsk.no\/index.php?rest_route=\/wp\/v2\/posts\/7855\/revisions\/7860"}],"wp:attachment":[{"href":"https:\/\/fredrikstad.katolsk.no\/index.php?rest_route=%2Fwp%2Fv2%2Fmedia&parent=7855"}],"wp:term":[{"taxonomy":"category","embeddable":true,"href":"https:\/\/fredrikstad.katolsk.no\/index.php?rest_route=%2Fwp%2Fv2%2Fcategories&post=7855"},{"taxonomy":"post_tag","embeddable":true,"href":"https:\/\/fredrikstad.katolsk.no\/index.php?rest_route=%2Fwp%2Fv2%2Ftags&post=7855"}],"curies":[{"name":"wp","href":"https:\/\/api.w.org\/{rel}","templated":true}]}}