{"id":8254,"date":"2021-12-23T11:10:47","date_gmt":"2021-12-23T10:10:47","guid":{"rendered":"http:\/\/fredrikstad.katolsk.no\/?p=8254"},"modified":"2021-12-23T11:14:55","modified_gmt":"2021-12-23T10:14:55","slug":"julens-brev-og-festbrev-samt-lesninger-24-28-desember-2021-polska-gazetka-niedzielna-uroczystosc-narodzenia-panskiego-24-28-grudnia","status":"publish","type":"post","link":"https:\/\/fredrikstad.katolsk.no\/?p=8254","title":{"rendered":"Julens brev og festbrev samt lesninger, 24. \u2013 28. desember 2021. Polska gazetka niedzielna \u2013 Uroczysto\u015b\u0107 Narodzenia Pa\u0144skiego 24.-28. grudnia."},"content":{"rendered":"<header class=\"entry-header\">\n<h1 class=\"entry-title\">Julebrevet \u2013Midnattsmessen\u2013Juledagen-finnes her:\u00a0\u00a0<a href=\"http:\/\/fredrikstad.katolsk.no\/wp-content\/uploads\/2021\/12\/Julebrev-2021.pdf\">Julebrev 2021<\/a><\/h1>\n<\/header>\n<div class=\"entry-content\">\n<p>Festbrev \u2013<strong>Den hellige familie<\/strong>\u2013 2. juledag finnes her:\u00a0\u00a0<a href=\"http:\/\/fredrikstad.katolsk.no\/wp-content\/uploads\/2021\/12\/Den-Hellige-Familie-2021.pdf\">Den Hellige Familie 2021<\/a><\/p>\n<p>Festbrev \u2013\u00a0<strong>Hellige Johannes<\/strong>\u00a0-finnes her:\u00a0\u00a0<a href=\"http:\/\/fredrikstad.katolsk.no\/wp-content\/uploads\/2021\/12\/Hellige-Johannes.-Apostel-og-evangelist-27.desember-2021.pdf\">Hellige Johannes. Apostel og evangelist -27.desember 2021<\/a><\/p>\n<p>Festbrev \u2013\u00a0<strong>De uskyldige barn i Betlehem \u2013\u00a0<\/strong>finnes her:\u00a0<a href=\"http:\/\/fredrikstad.katolsk.no\/wp-content\/uploads\/2021\/12\/De-uskyldige-barn-i-Betlehem-28.desember-2021.pdf\">De uskyldige barn i Betlehem -28.desember 2021<\/a><\/p>\n<p><strong>LESNINGER:\u00a0 \u00a0 \u00a0 \u00a0 \u00a0 \u00a0 \u00a0 \u00a0 \u00a0 \u00a0 \u00a0 \u00a0 \u00a0 \u00a0 \u00a0 \u00a0 \u00a0 \u00a0<\/strong><\/p>\n<p>Lesningene\u00a0 p\u00e5 norsk for\u00a0<strong>midnattsmessen<\/strong>\u00a0finnes her:\u00a0\u00a0<a href=\"http:\/\/fredrikstad.katolsk.no\/wp-content\/uploads\/2017\/12\/Lesninger-Midnattsmessen-24.-desember.pdf\">Lesninger Midnattsmessen (24. desember)<\/a><\/p>\n<p>Lesningene p\u00e5 norsk for\u00a0<strong>Juledagen<\/strong>\u00a0finnes her:\u00a0\u00a0<a href=\"http:\/\/fredrikstad.katolsk.no\/wp-content\/uploads\/2017\/12\/Lesninger-Juledagen-25.-desember.pdf\">Lesninger Juledagen (25. desember)<\/a><\/p>\n<p>Lesninger p\u00e5 norsk for 2. juledag \u2013Den\u00a0<strong>Hellige Familie<\/strong>\u2013 finnes her:\u00a0\u00a0<a href=\"http:\/\/fredrikstad.katolsk.no\/wp-content\/uploads\/2019\/01\/Lesninger-1.-s\u00f8ndag-i-juletiden-\u00e5r-C-Den-hellige-Familie.pdf\">Lesninger 1. s\u00f8ndag i juletiden (\u00e5r C)-Den hellige Familie<\/a><\/p>\n<p>Lesninger p\u00e5 norsk for \u2013<strong>Hellige Johannes<\/strong>\u2013\u00a03. juledag finnes her:<a href=\"http:\/\/fredrikstad.katolsk.no\/wp-content\/uploads\/2017\/12\/Lesninger-Den-hellige-Johannes-27.-desember.pdf\">Lesninger Den hellige Johannes (27. desember)<\/a><\/p>\n<p>Lesninger p\u00e5 norsk for \u2013\u00a0<strong>De uskyldige barn i Betlehem \u2013\u00a0<\/strong>finnes her:\u00a0\u00a0<a href=\"http:\/\/fredrikstad.katolsk.no\/wp-content\/uploads\/2017\/12\/Lesninger-De-uskyldige-barn-i-Betlehem-28.-desember.pdf\">Lesninger De uskyldige barn i Betlehem (28. desember)<\/a><\/p>\n<p>&nbsp;<\/p>\n<p><strong>Polska gazetka niedzielna \u2013 Uroczysto\u015b\u0107 Narodzenia Pa\u0144skiego 24. -28. grudnia.<\/strong><\/p>\n<p><strong>Uroczysto\u015b\u0107 Narodzenia Pa\u0144skiego- Msza w nocy, 24 grudnia:\u00a0<a href=\"http:\/\/fredrikstad.katolsk.no\/wp-content\/uploads\/2018\/12\/Polsk-s%C3%B8ndagsblad-Midnattsmesse-Uroczysto%C5%9B%C4%87-Narodzenia-Pa%C5%84skiego-Msza-w-nocy-Rok-C-24-grudnia.pdf\">Polsk s\u00f8ndagsblad -Midnattsmesse-Uroczysto\u015b\u0107 Narodzenia Pa\u0144skiego- Msza w nocy, Rok C, 24 grudnia<\/a><\/strong><\/p>\n<p><strong>Uroczysto\u015b\u0107 Narodzenia Pa\u0144skiego \u2013<\/strong>\u00a0<strong>Msza o \u015awicie<strong>,\u00a0 25\u00a0<\/strong>grudnia<strong>\u00a0:\u00a0\u00a0<a href=\"http:\/\/fredrikstad.katolsk.no\/wp-content\/uploads\/2018\/12\/Polsk-s%C3%B8ndagsblad-Kristi-f%C3%B8dselsfest-Uroczysto%C5%9B%C4%87-Narodzenia-Pa%C5%84skiego-Msza-o-%C5%9Awicie-25-grudnia.pdf\">Polsk s\u00f8ndagsblad \u2013 Kristi f\u00f8dselsfest \u2013 Uroczysto\u015b\u0107 Narodzenia Pa\u0144skiego \u2013 Msza o \u015awicie, 25 grudnia<\/a><\/strong><\/strong><\/p>\n<p><strong><span style=\"color: #000000;\"><a style=\"color: #000000;\" href=\"http:\/\/fredrikstad.katolsk.no\/wp-content\/uploads\/2019\/01\/Polsk-s\u00f8ndagsblad-Den-Hellige-Familie-\u015awi\u0119tej-Rodziny-Jezusa-Maryi-i-J\u00f3zefa-Rok-C.pdf\">-\u015awi\u0119tej Rodziny Jezusa, Maryi i J\u00f3zefa<\/a><\/span>,\u00a0 26<\/strong>\u00a0<strong>grudnia<\/strong><strong>\u00a0:\u00a0<a href=\"http:\/\/fredrikstad.katolsk.no\/wp-content\/uploads\/2021\/12\/Polsk-s\u00f8ndagsblad-Den-hellige-familie-\u015awi\u0119to-\u015awi\u0119tej-Rodziny-JezusaJ-Maryi-i-J\u00f3zefa-26-grudnia-C.pdf\">Polsk s\u00f8ndagsblad &#8211; Den hellige familie &#8211; \u015awi\u0119to \u015awi\u0119tej Rodziny Jezusa^J Maryi i J\u00f3zefa 26 grudnia-C<\/a><\/strong><\/p>\n<p><strong>\u015awi\u0119to \u015bw. Jana, aposto\u0142a i ewangelisty,\u00a0 27 grudnia\u00a0:\u00a0\u00a0<a href=\"http:\/\/fredrikstad.katolsk.no\/wp-content\/uploads\/2018\/12\/Lesninger-Den-hellige-Johannes-27.-desember.pdf\">Lesninger Den hellige Johannes (27. desember)<\/a>\u00a0<a href=\"http:\/\/fredrikstad.katolsk.no\/wp-content\/uploads\/2018\/12\/Polsk-s%C3%B8ndagsblad-%C5%9Awi%C4%99to-%C5%9Bw.-Jana-aposto%C5%82a-i-ewangelisty-27-grudnia.pdf\">Polsk s\u00f8ndagsblad -\u015awi\u0119to \u015bw. Jana, aposto\u0142a i ewangelisty-27 grudnia<\/a><\/strong><\/p>\n<p><strong>\u015awi\u0119to \u015bwi\u0119tych M\u0142odziank\u00f3w, m\u0119czennik\u00f3w,\u00a0 28 grudnia\u00a0:\u00a0\u00a0<a href=\"http:\/\/fredrikstad.katolsk.no\/wp-content\/uploads\/2018\/12\/Polsk-s%C3%B8ndagsblad-de-uskyldige-barn-i-Betlehem-28-grudnia.pdf\">Polsk s\u00f8ndagsblad -de uskyldige barn i Betlehem- 28 grudnia<\/a>\u00a0 \u00a0 \u00a0 \u00a0 \u00a0 \u00a0 \u00a0 \u00a0 \u00a0 \u00a0 \u00a0 \u00a0 \u00a0 \u00a0 \u00a0 \u00a0 \u00a0 \u00a0 \u00a0<\/strong><\/p>\n<\/div>\n","protected":false},"excerpt":{"rendered":"<p>Julebrevet \u2013Midnattsmessen\u2013Juledagen-finnes her:\u00a0\u00a0Julebrev 2021 Festbrev \u2013Den hellige familie\u2013 2. juledag finnes her:\u00a0\u00a0Den Hellige Familie 2021 Festbrev \u2013\u00a0Hellige Johannes\u00a0-finnes her:\u00a0\u00a0Hellige Johannes. Apostel og evangelist -27.desember 2021 Festbrev \u2013\u00a0De uskyldige barn i Betlehem \u2013\u00a0finnes her:\u00a0De uskyldige barn i Betlehem -28.desember 2021 LESNINGER:\u00a0 &hellip; <a href=\"https:\/\/fredrikstad.katolsk.no\/?p=8254\">Les videre <span class=\"meta-nav\">&rarr;<\/span><\/a><\/p>\n","protected":false},"author":4,"featured_media":0,"comment_status":"closed","ping_status":"open","sticky":false,"template":"","format":"standard","meta":{"footnotes":""},"categories":[6,15,30],"tags":[],"class_list":["post-8254","post","type-post","status-publish","format-standard","hentry","category-nyheter","category-pa-polsk","category-sondagsbrev"],"_links":{"self":[{"href":"https:\/\/fredrikstad.katolsk.no\/index.php?rest_route=\/wp\/v2\/posts\/8254","targetHints":{"allow":["GET"]}}],"collection":[{"href":"https:\/\/fredrikstad.katolsk.no\/index.php?rest_route=\/wp\/v2\/posts"}],"about":[{"href":"https:\/\/fredrikstad.katolsk.no\/index.php?rest_route=\/wp\/v2\/types\/post"}],"author":[{"embeddable":true,"href":"https:\/\/fredrikstad.katolsk.no\/index.php?rest_route=\/wp\/v2\/users\/4"}],"replies":[{"embeddable":true,"href":"https:\/\/fredrikstad.katolsk.no\/index.php?rest_route=%2Fwp%2Fv2%2Fcomments&post=8254"}],"version-history":[{"count":5,"href":"https:\/\/fredrikstad.katolsk.no\/index.php?rest_route=\/wp\/v2\/posts\/8254\/revisions"}],"predecessor-version":[{"id":8273,"href":"https:\/\/fredrikstad.katolsk.no\/index.php?rest_route=\/wp\/v2\/posts\/8254\/revisions\/8273"}],"wp:attachment":[{"href":"https:\/\/fredrikstad.katolsk.no\/index.php?rest_route=%2Fwp%2Fv2%2Fmedia&parent=8254"}],"wp:term":[{"taxonomy":"category","embeddable":true,"href":"https:\/\/fredrikstad.katolsk.no\/index.php?rest_route=%2Fwp%2Fv2%2Fcategories&post=8254"},{"taxonomy":"post_tag","embeddable":true,"href":"https:\/\/fredrikstad.katolsk.no\/index.php?rest_route=%2Fwp%2Fv2%2Ftags&post=8254"}],"curies":[{"name":"wp","href":"https:\/\/api.w.org\/{rel}","templated":true}]}}