{"id":8929,"date":"2022-12-04T15:38:25","date_gmt":"2022-12-04T14:38:25","guid":{"rendered":"http:\/\/fredrikstad.katolsk.no\/?p=8929"},"modified":"2022-12-04T15:38:25","modified_gmt":"2022-12-04T14:38:25","slug":"trosundervisning-lordag-den-3-desember","status":"publish","type":"post","link":"https:\/\/fredrikstad.katolsk.no\/?p=8929","title":{"rendered":"Trosundervisning l\u00f8rdag den 3. desember"},"content":{"rendered":"<p><strong><u>Kj\u00e6re elever og foreldre.\u00a0 Velkommen til trosundervisning (katekese) i St. Birgitta menighet!<\/u><\/strong><\/p>\n<p>Vi \u00f8nsker igjen velkommen til trosundervisning <strong>l\u00f8rdag den 3. desember <\/strong>i St. Birgitta menighet. Denne undervisningsdagen er det ADVENT OG JUL som st\u00e5r i sentrum.<\/p>\n<p>Det blir skrifte for 4., 5., 6., 7., og 8. klasse.\u00a0 Elever i disse klassene <strong>m\u00f8ter direkte i kirken kl. 9.45<\/strong>.\u00a0 Pater har en kort innledning f\u00f8r skrifte. <strong>Vi ber dere om \u00e5 forberede dere hjemme ved \u00e5 g\u00e5 igjennom vedlagte ark \u00abForberedelse til skrifte\u00bb.\u00a0 Vi oppfordrer alle foreldre til \u00e5 hjelpe barna med forberedelsene.<\/strong><\/p>\n<p><strong>1., 2., og 3. klasse har vanlig undervisning. <\/strong><\/p>\n<p><strong><u>L\u00f8rdagen 3. desember vil det <\/u><\/strong><strong><u>for alle barn bli <\/u><\/strong><strong><u>en halv time med \u00f8velse av sang til f\u00f8rjulskonserten den 10. desember.\u00a0 \u00d8velsene vil vare fra kl. 13.15 til kl. 13.45.<\/u><\/strong><\/p>\n<p><strong>Vi ber foreldre om \u00e5 hente barna presis.<\/strong><\/p>\n<p><strong>NB!! Oppm\u00f8te til f\u00f8rjulskonserten 10. desember kl.17.30 i menighetslokalet kledd i <\/strong><strong>hvite kl\u00e6r <\/strong><strong>pga Luciatoget<\/strong><strong>.<\/strong><\/p>\n<p>BARE FRISKE BARN KOMMER TIL UNDERVISNINGEN!!<\/p>\n<p><strong><u>ALLE BARN M\u00c5 HA MED SEG MATPAKKE MED BR\u00d8DSKIVER, IKKE YOUGURT, GOTTERI ELLER ANNET. MENIGHETEN SERVERER DRIKKE<\/u><\/strong>.<\/p>\n<p><strong>Undervisningsl\u00f8rdager for skole\u00e5ret 2022\/2023:\u00a0\u00a0\u00a0\u00a0\u00a0\u00a0\u00a0\u00a0\u00a0\u00a0\u00a0\u00a0 \u00a0\u00a0\u00a0\u00a0\u00a0\u00a0\u00a0\u00a0\u00a0\u00a0\u00a0 <\/strong><\/p>\n<ol start=\"7\">\n<li>januar &#8211; 4. februar &#8211; 4. mars &#8211; 15. april &#8211; 6. mai avslutning<\/li>\n<\/ol>\n<p><strong>F\u00f8rste <\/strong>undervisningsdag i det <strong>nye \u00e5ret<\/strong>, <strong>l\u00f8rdag 7. januar<\/strong>, er det en <strong>litt annen timeplan<\/strong> enn vanlig og deretter <strong>juletrefest.<\/strong><\/p>\n<p><strong>Spesielt for 7. januar: <\/strong>Messen starter kl. 12.30 (sang\u00f8velse 12.15).<\/p>\n<p>Til <strong>juletrefesten<\/strong> bes foreldrene om \u00e5 <strong>ta med kaker og sm\u00e5 gevinster til utlodning. <\/strong><\/p>\n<p><strong>Undervisningsdagen forl\u00f8per slik:<\/strong><\/p>\n<p><strong><u>Timeplan for l\u00f8rdag 3. desember<\/u><\/strong><strong>\u00a0 \u00a0 \u00a0 \u00a0 \u00a0 \u00a0 \u00a0 \u00a0 \u00a0 \u00a0 \u00a0 \u00a0 \u00a0\u00a0<u>Timeplan for l\u00f8rdag 7. januar 2023<\/u><\/strong><\/p>\n<p>&nbsp;<\/p>\n<p>Kl. 09.45 \u2013 10.45\u00a0\u00a0\u00a0\u00a0 Undervisning\u00a0 \u00a0 \u00a0 \u00a0 \u00a0 \u00a0 \u00a0 \u00a0 \u00a0 \u00a0 \u00a0 \u00a0 \u00a0 Kl. 09.45 \u2013 10.45\u00a0 Undervisning<\/p>\n<p>Kl. 10.45 \u2013 11.00\u00a0\u00a0\u00a0\u00a0 Sang\u00f8velse\u00a0 \u00a0 \u00a0 \u00a0 \u00a0 \u00a0 Kl. 10.45 \u2013 11.15\u00a0 Pause + mat\/drikke (serveres)<\/p>\n<p>Kl. 11.00 \u2013 11.45\u00a0\u00a0\u00a0\u00a0 Messe\u00a0 \u00a0 \u00a0 \u00a0 \u00a0 \u00a0 \u00a0 \u00a0 Kl. 11.15 \u2013 12. 15\/12.30\u00a0 Undervisning\/ sang\u00f8velse<\/p>\n<p>Kl. 11.45 \u2013 12.15\u00a0\u00a0\u00a0\u00a0 Lunsj (mat\/drikke serveres)\u00a0 \u00a0 \u00a0 \u00a0 \u00a0 \u00a0 \u00a0 \u00a0 Kl. 12.30 \u2013 13.30\u00a0 Messe<\/p>\n<p>Kl. 12.15 \u2013 13.00\u00a0\u00a0\u00a0\u00a0 Undervisning\u00a0 \u00a0 \u00a0 \u00a0 \u00a0 \u00a0 \u00a0 \u00a0 \u00a0 \u00a0 \u00a0 \u00a0 \u00a0 \u00a0 \u00a0 Kl. 13.30- ca. 15.00\u00a0 \u00a0Juletrefest<\/p>\n<p>Kl. 13.00 &#8211;\u00a0 13.30\u00a0\u00a0\u00a0\u00a0 Sang\u00f8velse f\u00f8rjulskonsert<\/p>\n<p>&nbsp;<\/p>\n<p><strong><u>Katekesekontingent<\/u><\/strong><\/p>\n<p><strong>Alle barna i katekesen m\u00e5 betale en kontingent som g\u00e5r til \u00e5 dekke utgifter til materiell.\u00a0 Det barna m\u00e5 ta med seg, er mat til lunsjen, skrivesaker og evt. utdelte b\u00f8ker og permer.\u00a0 <\/strong><\/p>\n<p><strong>Kontingenten er kr. 150,- pr. barn pr. skole\u00e5r.\u00a0 For 1. kommunionsbarn\u00a0 kr. 400,-.\u00a0 For 8. klasse kr. 300,-.<\/strong><\/p>\n<p><strong>Kontingentbetaling til konto: 1503.19.45078. Merk betalingen med barnets (barnas) navn og klasse.<\/strong><\/p>\n<p>Katekesen er et lokallag av NUK (Norges Unge Katolikker). Det betyr at hvert barn m\u00e5 melde seg inn p\u00e5 nytt i katekesen hvert \u00e5r.\u00a0 Alle som deltar i katekesen blir ogs\u00e5 automatisk ogs\u00e5 medlem av NUK. Hvis du ikke \u00f8nsker \u00e5 v\u00e6re medlem av NUK, krysser du av p\u00e5 innmeldingsskjemaet.\u00a0 Som medlem f\u00e5r du blader og rabatter p\u00e5 leire.\u00a0 Prisen er den samme, enten du \u00f8nsker \u00e5 v\u00e6re medlem eller ikke. <strong>\u00a0Biskopen og sognepresten <\/strong>anbefaler alle \u00e5 v\u00e6re medlem av Norges Unge Katolikker.<\/p>\n<p><strong>Med vennlig hilsen<\/strong><\/p>\n<p><strong>St. Birgitta menighet \/ St. Birgitta katekeselag<\/strong><\/p>\n<p><strong>Tlf: 69 30 15 20\u00a0\u00a0\u00a0\u00a0 E-post: <\/strong><a href=\"mailto:fredrikstad@katolsk.no\">fredrikstad@katolsk.no<\/a><\/p>\n<p><strong>St. Josephs gate 17, 1606 Fredrikstad<\/strong><\/p>\n<p>PDF:\u00a0\u00a0<a href=\"http:\/\/fredrikstad.katolsk.no\/wp-content\/uploads\/2022\/11\/Katekesebrev-221203.pdf\">Katekesebrev 221203<\/a><\/p>\n<p><a href=\"http:\/\/fredrikstad.katolsk.no\/wp-content\/uploads\/2019\/12\/SKRIFTEMAL.pdf\">SKRIFTEMAL<\/a><\/p>\n<p><a href=\"http:\/\/fredrikstad.katolsk.no\/wp-content\/uploads\/2017\/12\/SKRIFTEMAL-FOR-UNGDOM.pdf\">SKRIFTEMAL FOR UNGDOM<\/a><\/p>\n","protected":false},"excerpt":{"rendered":"<p>Kj\u00e6re elever og foreldre.\u00a0 Velkommen til trosundervisning (katekese) i St. Birgitta menighet! Vi \u00f8nsker igjen velkommen til trosundervisning l\u00f8rdag den 3. desember i St. Birgitta menighet. Denne undervisningsdagen er det ADVENT OG JUL som st\u00e5r i sentrum. Det blir skrifte &hellip; <a href=\"https:\/\/fredrikstad.katolsk.no\/?p=8929\">Les videre <span class=\"meta-nav\">&rarr;<\/span><\/a><\/p>\n","protected":false},"author":4,"featured_media":0,"comment_status":"closed","ping_status":"open","sticky":false,"template":"","format":"standard","meta":{"footnotes":""},"categories":[33,6],"tags":[],"class_list":["post-8929","post","type-post","status-publish","format-standard","hentry","category-katekese","category-nyheter"],"_links":{"self":[{"href":"https:\/\/fredrikstad.katolsk.no\/index.php?rest_route=\/wp\/v2\/posts\/8929","targetHints":{"allow":["GET"]}}],"collection":[{"href":"https:\/\/fredrikstad.katolsk.no\/index.php?rest_route=\/wp\/v2\/posts"}],"about":[{"href":"https:\/\/fredrikstad.katolsk.no\/index.php?rest_route=\/wp\/v2\/types\/post"}],"author":[{"embeddable":true,"href":"https:\/\/fredrikstad.katolsk.no\/index.php?rest_route=\/wp\/v2\/users\/4"}],"replies":[{"embeddable":true,"href":"https:\/\/fredrikstad.katolsk.no\/index.php?rest_route=%2Fwp%2Fv2%2Fcomments&post=8929"}],"version-history":[{"count":2,"href":"https:\/\/fredrikstad.katolsk.no\/index.php?rest_route=\/wp\/v2\/posts\/8929\/revisions"}],"predecessor-version":[{"id":8937,"href":"https:\/\/fredrikstad.katolsk.no\/index.php?rest_route=\/wp\/v2\/posts\/8929\/revisions\/8937"}],"wp:attachment":[{"href":"https:\/\/fredrikstad.katolsk.no\/index.php?rest_route=%2Fwp%2Fv2%2Fmedia&parent=8929"}],"wp:term":[{"taxonomy":"category","embeddable":true,"href":"https:\/\/fredrikstad.katolsk.no\/index.php?rest_route=%2Fwp%2Fv2%2Fcategories&post=8929"},{"taxonomy":"post_tag","embeddable":true,"href":"https:\/\/fredrikstad.katolsk.no\/index.php?rest_route=%2Fwp%2Fv2%2Ftags&post=8929"}],"curies":[{"name":"wp","href":"https:\/\/api.w.org\/{rel}","templated":true}]}}