{"id":8948,"date":"2022-12-07T17:07:01","date_gmt":"2022-12-07T16:07:01","guid":{"rendered":"http:\/\/fredrikstad.katolsk.no\/?p=8948"},"modified":"2022-12-07T17:07:01","modified_gmt":"2022-12-07T16:07:01","slug":"immaculata-jomfru-marias-uplettede-unnfangelse-8-desember-messe-kl-11-00","status":"publish","type":"post","link":"https:\/\/fredrikstad.katolsk.no\/?p=8948","title":{"rendered":"Immaculata \u2013 Jomfru Marias uplettede unnfangelse.  8. desember.  Messe kl. 11.00."},"content":{"rendered":"<p><img loading=\"lazy\" decoding=\"async\" class=\"alignnone size-full wp-image-5054\" src=\"http:\/\/fredrikstad.katolsk.no\/wp-content\/uploads\/2017\/11\/maria-patronatfest.jpg\" alt=\"maria-patronatfest\" width=\"540\" height=\"540\" srcset=\"https:\/\/fredrikstad.katolsk.no\/wp-content\/uploads\/2017\/11\/maria-patronatfest.jpg 540w, https:\/\/fredrikstad.katolsk.no\/wp-content\/uploads\/2017\/11\/maria-patronatfest-150x150.jpg 150w, https:\/\/fredrikstad.katolsk.no\/wp-content\/uploads\/2017\/11\/maria-patronatfest-300x300.jpg 300w\" sizes=\"auto, (max-width: 540px) 100vw, 540px\" \/><\/p>\n<p>Kj\u00e6re venner!<\/p>\n<ol start=\"8\">\n<li><strong> desember feirer Den Katolske Kirke h\u00f8ytiden for Jomfru Marias uplettede unnfangelse.<\/strong><\/li>\n<\/ol>\n<p><strong>\u00a0<\/strong><strong>H\u00f8ytiden er Oblatfedrenes patronatfest.<\/strong><\/p>\n<p><strong>Oblatfedrenes kommunitet i Fredrikstad feirer denne h\u00f8ytid p\u00e5 torsdag 8. desember 2022, med messe kl. 11.00 i St. Birgitta kirke i Fredrikstad.<\/strong><\/p>\n<p><strong>Messen feires av distriktssuperior p. Piotr Pisarek O.M.I.<\/strong><\/p>\n<p><strong>Hjertelig velkommen til messen.<\/strong><\/p>\n<p><img loading=\"lazy\" decoding=\"async\" class=\"alignnone size-full wp-image-5962\" src=\"http:\/\/fredrikstad.katolsk.no\/wp-content\/uploads\/2018\/11\/OMI-kors.jpg\" alt=\"OMI-kors\" width=\"231\" height=\"218\" \/>\u00a0 \u00a0 \u00a0 \u00a0 \u00a0 \u00a0 \u00a0 \u00a0 \u00a0 \u00a0 \u00a0\u00a0<img loading=\"lazy\" decoding=\"async\" class=\"alignnone size-full wp-image-5963\" src=\"http:\/\/fredrikstad.katolsk.no\/wp-content\/uploads\/2018\/11\/OMI.jpg\" alt=\"OMI\" width=\"171\" height=\"176\" \/><\/p>\n<p>&nbsp;<\/p>\n<p><strong><em>\u00a0<\/em><\/strong><strong>\u00a0<\/strong><strong>Mvh\u00a0\u00a0 Oblatfedrene &#8211; Fredrikstad kommunitet.\u00a0\u00a0\u00a0\u00a0\u00a0\u00a0\u00a0\u00a0\u00a0\u00a0\u00a0\u00a0\u00a0\u00a0\u00a0\u00a0\u00a0\u00a0\u00a0\u00a0\u00a0\u00a0\u00a0\u00a0\u00a0\u00a0\u00a0\u00a0\u00a0\u00a0\u00a0\u00a0\u00a0\u00a0\u00a0\u00a0\u00a0\u00a0\u00a0\u00a0\u00a0\u00a0\u00a0\u00a0\u00a0\u00a0\u00a0\u00a0 <\/strong><\/p>\n<p><strong>\u00a0<\/strong><strong>\u00ab<\/strong><strong>Evangelizare pauperibus misit me. Pauperes\u00a0\u00a0\u00a0 <\/strong><\/p>\n<p><strong>\u00a0 evangelizantur.\u00bb<\/strong><\/p>\n","protected":false},"excerpt":{"rendered":"<p>Kj\u00e6re venner! desember feirer Den Katolske Kirke h\u00f8ytiden for Jomfru Marias uplettede unnfangelse. \u00a0H\u00f8ytiden er Oblatfedrenes patronatfest. Oblatfedrenes kommunitet i Fredrikstad feirer denne h\u00f8ytid p\u00e5 torsdag 8. desember 2022, med messe kl. 11.00 i St. Birgitta kirke i Fredrikstad. Messen &hellip; <a href=\"https:\/\/fredrikstad.katolsk.no\/?p=8948\">Les videre <span class=\"meta-nav\">&rarr;<\/span><\/a><\/p>\n","protected":false},"author":4,"featured_media":0,"comment_status":"closed","ping_status":"open","sticky":false,"template":"","format":"standard","meta":{"footnotes":""},"categories":[6,30],"tags":[],"class_list":["post-8948","post","type-post","status-publish","format-standard","hentry","category-nyheter","category-sondagsbrev"],"_links":{"self":[{"href":"https:\/\/fredrikstad.katolsk.no\/index.php?rest_route=\/wp\/v2\/posts\/8948","targetHints":{"allow":["GET"]}}],"collection":[{"href":"https:\/\/fredrikstad.katolsk.no\/index.php?rest_route=\/wp\/v2\/posts"}],"about":[{"href":"https:\/\/fredrikstad.katolsk.no\/index.php?rest_route=\/wp\/v2\/types\/post"}],"author":[{"embeddable":true,"href":"https:\/\/fredrikstad.katolsk.no\/index.php?rest_route=\/wp\/v2\/users\/4"}],"replies":[{"embeddable":true,"href":"https:\/\/fredrikstad.katolsk.no\/index.php?rest_route=%2Fwp%2Fv2%2Fcomments&post=8948"}],"version-history":[{"count":1,"href":"https:\/\/fredrikstad.katolsk.no\/index.php?rest_route=\/wp\/v2\/posts\/8948\/revisions"}],"predecessor-version":[{"id":8949,"href":"https:\/\/fredrikstad.katolsk.no\/index.php?rest_route=\/wp\/v2\/posts\/8948\/revisions\/8949"}],"wp:attachment":[{"href":"https:\/\/fredrikstad.katolsk.no\/index.php?rest_route=%2Fwp%2Fv2%2Fmedia&parent=8948"}],"wp:term":[{"taxonomy":"category","embeddable":true,"href":"https:\/\/fredrikstad.katolsk.no\/index.php?rest_route=%2Fwp%2Fv2%2Fcategories&post=8948"},{"taxonomy":"post_tag","embeddable":true,"href":"https:\/\/fredrikstad.katolsk.no\/index.php?rest_route=%2Fwp%2Fv2%2Ftags&post=8948"}],"curies":[{"name":"wp","href":"https:\/\/api.w.org\/{rel}","templated":true}]}}