{"id":8950,"date":"2022-12-07T17:10:56","date_gmt":"2022-12-07T16:10:56","guid":{"rendered":"http:\/\/fredrikstad.katolsk.no\/?p=8950"},"modified":"2022-12-07T17:10:56","modified_gmt":"2022-12-07T16:10:56","slug":"rekolekcje-wyglosza-misjonarze-oblaci-maryi-niepokalanej-z-duszpasterstwa-mlodzierzowego-niniva-w-kokotku","status":"publish","type":"post","link":"https:\/\/fredrikstad.katolsk.no\/?p=8950","title":{"rendered":"Rekolekcje wyg\u0142osza Misjonarze Oblaci Maryi Niepokalanej  z duszpasterstwa mlodzierzowego Niniva w Kokotku"},"content":{"rendered":"<ol>\n<li><strong><u> PETER KIRKE I HALDEN<\/u><\/strong><strong>\/ Kosciol p.w. Sw. <\/strong><strong>Piotra Apostola w Halden<\/strong><\/li>\n<\/ol>\n<p><strong>\u00a0<\/strong><strong>Pi\u0105tek, 16 grudnia 2022 \u2013 godz. 17.00 Msza \u015bwi\u0119ta z nauka rekolekcyjna <\/strong><\/p>\n<p><strong>Sobota, 17 grudnia 2022 \u2013 godz. 17.00 Msza \u015bwi\u0119ta z nauk\u0105 rekolekcyjn\u0105<\/strong><\/p>\n<p><strong>Niedziela, 18 grudnia 2022 \u2013 godz. 12.30 Msza \u015bwi\u0119ta z nauk\u0105 rekolekcyjn\u0105<\/strong><\/p>\n<p><strong>\u00a0<\/strong><\/p>\n<ol>\n<li><strong><u> MIKAEL KIRKE I MOSS<\/u><\/strong><strong>\/ Kosciol p.w. sw. <\/strong><strong>Michala Archaniola w Moss<\/strong><\/li>\n<\/ol>\n<p><strong>\u00a0<\/strong><strong>Pi\u0105tek, 16 grudnia 2022 \u2013 godz. 18.00 Msza \u015bwi\u0119ta z nauka rekolekcyjna <\/strong><\/p>\n<p><strong>Sobota, 17 grudnia 2022 \u2013 godz. 18.00 Msza \u015bwi\u0119ta z nauk\u0105 rekolekcyjn\u0105<\/strong><\/p>\n<p><strong>Niedziela, 18 grudnia 2022 \u2013 wystawienie, okazja do spowiedzi<\/strong><\/p>\n<p><strong>godz. 16.00 Msza \u015bwi\u0119ta z nauk\u0105 rekolekcyjn\u0105. Po mszy spotkanie<\/strong><\/p>\n<p>&nbsp;<\/p>\n<p><strong>\u00a0<\/strong><strong><u>BIRGITTA KIRKE I FREDRIKSTAD<\/u><\/strong><strong>\/ Kosciol p.w. sw. <\/strong><strong>Brygidy we Fredrikstad<\/strong><\/p>\n<p><strong>\u00a0<\/strong><strong>Pi\u0105tek, 16 grudnia 2022 \u2013 godz. 18.00 Msza \u015bwi\u0119ta z nauka rekolekcyjna <\/strong><\/p>\n<p><strong>Sobota, 17 grudnia 2022 \u2013 godz. 19.00 Msza \u015bwi\u0119ta z nauk\u0105 rekolekcyjn\u0105<\/strong><\/p>\n<p><strong>Niedziela, 18 grudnia 2022 \u2013 godz. 19.00 Msza \u015bwi\u0119ta z nauk\u0105 rekolekcyjn\u0105<\/strong><\/p>\n<p><strong>\u00a0<\/strong><\/p>\n<p><strong><u>MARIA KIRKE I ASKIM<\/u><\/strong><strong>\/ Ko\u015bci\u00f3\u0142 p.w. Wniebowzi\u0119cia N.M.P. w Askim<\/strong><\/p>\n<p><strong>4 Niedziela Adwentu, 18 grudnia<\/strong><\/p>\n<ul>\n<li><strong> 13.30 adoracja, okazja do spowiedzi, <\/strong><\/li>\n<li><strong> 14.00 Msza \u015bwi\u0119ta z nauk\u0105 rekolekcyjn\u0105, okazja do spowiedzi?<\/strong><\/li>\n<\/ul>\n<p><strong>Poniedzia\u0142ek, 19 grudnia 2022 \u2013 godz. 18.00 Msza \u015bwi\u0119ta z nauk\u0105 rekolekcyjn\u0105<\/strong><\/p>\n<p><strong>Wtorek, 20 grudnia 2022 \u2013 godz. 18.00 Msza \u015bwi\u0119ta z nauk\u0105 rekolekcyjn\u0105. Spotkanie <\/strong><\/p>\n<p><strong>\u00a0<\/strong><strong>\u00a0<\/strong><\/p>\n<p>&#8211; <em>Okazja do spowiedzi \u015bwi\u0119tej codziennie godzin\u0119 przed Msz\u0105 \u015bwi\u0119t\u0105, adoracja Naj\u015bwi\u0119tszego Sakramentu.<\/em><\/p>\n<p><em>\u00a0<\/em><strong>Zako\u0144czenie rekolekcji. <\/strong><\/p>\n<p><strong>\u00a0<\/strong>Przy tej okazji ka\u017cdy, kto przyst\u0105pi\u0142 do Sakramentu pojednania i jest w lasce u\u015bwi\u0119caj\u0105cej otrzyma odpust zupe\u0142ny, odmawiaj\u0105c nakazane modlitwy: <em>Ojcze nasz\u2026, Zdrowa\u015b Maryjo\u2026, w intencjach Ojca Sw., Pod Twoja obron\u0119\u2026 i Chwa\u0142a Ojcu\u2026.<\/em><\/p>\n<p><em>\u00a0<\/em><strong>Serdecznie zapraszamy do wzi\u0119cia udzia\u0142u w rekolekcjach \u015bwi\u0119tych, aby w ten spos\u00f3b zg\u0142\u0119bia\u0107 nasz\u0105 wiar\u0119. Owocnych rekolekcji&#8230;<\/strong><\/p>\n<p>&nbsp;<\/p>\n<p>Plakat:\u00a0 <a href=\"http:\/\/fredrikstad.katolsk.no\/wp-content\/uploads\/2022\/12\/REKOLEKCJE-przygotowuj\u0105ce-do-swi\u0105t-Narodzenia-Pa\u0144skiego.pdf\">REKOLEKCJE przygotowuj\u0105ce do swi\u0105t Narodzenia Pa\u0144skiego<\/a><\/p>\n","protected":false},"excerpt":{"rendered":"<p>PETER KIRKE I HALDEN\/ Kosciol p.w. Sw. Piotra Apostola w Halden \u00a0Pi\u0105tek, 16 grudnia 2022 \u2013 godz. 17.00 Msza \u015bwi\u0119ta z nauka rekolekcyjna Sobota, 17 grudnia 2022 \u2013 godz. 17.00 Msza \u015bwi\u0119ta z nauk\u0105 rekolekcyjn\u0105 Niedziela, 18 grudnia 2022 \u2013 &hellip; <a href=\"https:\/\/fredrikstad.katolsk.no\/?p=8950\">Les videre <span class=\"meta-nav\">&rarr;<\/span><\/a><\/p>\n","protected":false},"author":4,"featured_media":0,"comment_status":"closed","ping_status":"open","sticky":false,"template":"","format":"standard","meta":{"footnotes":""},"categories":[6,15],"tags":[],"class_list":["post-8950","post","type-post","status-publish","format-standard","hentry","category-nyheter","category-pa-polsk"],"_links":{"self":[{"href":"https:\/\/fredrikstad.katolsk.no\/index.php?rest_route=\/wp\/v2\/posts\/8950","targetHints":{"allow":["GET"]}}],"collection":[{"href":"https:\/\/fredrikstad.katolsk.no\/index.php?rest_route=\/wp\/v2\/posts"}],"about":[{"href":"https:\/\/fredrikstad.katolsk.no\/index.php?rest_route=\/wp\/v2\/types\/post"}],"author":[{"embeddable":true,"href":"https:\/\/fredrikstad.katolsk.no\/index.php?rest_route=\/wp\/v2\/users\/4"}],"replies":[{"embeddable":true,"href":"https:\/\/fredrikstad.katolsk.no\/index.php?rest_route=%2Fwp%2Fv2%2Fcomments&post=8950"}],"version-history":[{"count":1,"href":"https:\/\/fredrikstad.katolsk.no\/index.php?rest_route=\/wp\/v2\/posts\/8950\/revisions"}],"predecessor-version":[{"id":8952,"href":"https:\/\/fredrikstad.katolsk.no\/index.php?rest_route=\/wp\/v2\/posts\/8950\/revisions\/8952"}],"wp:attachment":[{"href":"https:\/\/fredrikstad.katolsk.no\/index.php?rest_route=%2Fwp%2Fv2%2Fmedia&parent=8950"}],"wp:term":[{"taxonomy":"category","embeddable":true,"href":"https:\/\/fredrikstad.katolsk.no\/index.php?rest_route=%2Fwp%2Fv2%2Fcategories&post=8950"},{"taxonomy":"post_tag","embeddable":true,"href":"https:\/\/fredrikstad.katolsk.no\/index.php?rest_route=%2Fwp%2Fv2%2Ftags&post=8950"}],"curies":[{"name":"wp","href":"https:\/\/api.w.org\/{rel}","templated":true}]}}