{"id":8971,"date":"2022-12-22T15:37:25","date_gmt":"2022-12-22T14:37:25","guid":{"rendered":"http:\/\/fredrikstad.katolsk.no\/?p=8971"},"modified":"2022-12-22T15:43:21","modified_gmt":"2022-12-22T14:43:21","slug":"messer-i-juletiden-20222023","status":"publish","type":"post","link":"https:\/\/fredrikstad.katolsk.no\/?p=8971","title":{"rendered":"MESSER I JULETIDEN 2022\/2023."},"content":{"rendered":"<p>* <strong>Julaften, l\u00f8rdag 24.des<\/strong><strong>.<\/strong> Kl.21.00. Polsk messe.<\/p>\n<p>Kl.23.00. Midnattsmesse<\/p>\n<p>* <strong>1. Juledag, s\u00f8ndag 25.des<\/strong>. Kl.11.00. H\u00f8ymesse.<\/p>\n<p>Kl.16.00. Engelskmesse.<\/p>\n<p>Kl.18.00. Juledagens kveldsmesse.<\/p>\n<p>* <strong>2. Juledag, mandag 26.des.<\/strong> Kl.11.00. Messe. Den hl. Stefan<strong>. Fest.<\/strong><\/p>\n<p><strong>\u00a0 \u00a0 \u00a0 \u00a0 \u00a0 \u00a0 \u00a0 \u00a0 \u00a0 \u00a0 \u00a0 \u00a0 \u00a0 \u00a0 \u00a0 \u00a0 \u00a0<\/strong><strong>\u00a0\u00a0\u00a0\u00a0\u00a0\u00a0\u00a0\u00a0\u00a0\u00a0\u00a0\u00a0\u00a0\u00a0\u00a0\u00a0\u00a0\u00a0\u00a0\u00a0\u00a0\u00a0<\/strong>Kl.13.00<strong>. <\/strong>Kaldeisk messe<strong>\u00a0\u00a0\u00a0\u00a0\u00a0\u00a0\u00a0\u00a0\u00a0\u00a0\u00a0\u00a0\u00a0\u00a0\u00a0\u00a0\u00a0\u00a0\u00a0\u00a0\u00a0\u00a0\u00a0\u00a0\u00a0\u00a0\u00a0\u00a0\u00a0\u00a0\u00a0\u00a0\u00a0\u00a0\u00a0\u00a0\u00a0\u00a0\u00a0\u00a0\u00a0\u00a0\u00a0 <\/strong><\/p>\n<p>Kl.16.00. Polsk messe.<\/p>\n<p>* <strong>Tirsdag 27. des.<\/strong> Kl. 18.00. Kveldsmesse. <a href=\"https:\/\/liturgi.info\/Des27\">Den hl. evangelisten Johannes<\/a>. <strong>FEST.<\/strong><\/p>\n<p>*<strong>Onsdag 28.des.<\/strong>\u00a0 \u00a0Kl.18.00. De uskyldige barn i Betlehem. Martyrer. <strong>Fest<\/strong>.<\/p>\n<p>*<strong>Torsdag 29<\/strong>. <strong>des<\/strong><strong>.<\/strong>\u00a0 Kl. 18.00. Messe. <strong>(Juleoktaven) &#8211; AVLYST<\/strong><\/p>\n<p>*<strong>Fredag 30. des.<\/strong>\u00a0\u00a0 \u00a0Kl. 18.00.\u00a0 Messe. <strong>Den Hl. Familie.<\/strong> <strong>Fest.<\/strong><\/p>\n<p><strong>\u00a0<\/strong>\u00a0\u00a0\u00a0\u00a0\u00a0\u00a0\u00a0\u00a0\u00a0\u00a0\u00a0\u00a0\u00a0\u00a0\u00a0\u00a0 *<strong>L\u00f8rdag<\/strong> <strong>31.des.<\/strong> \u00a0\u00a0\u00a0Kl. 18.00. Takksigelsesmesse. <strong>\u00a0<\/strong><\/p>\n<p><strong>\u00a0*<\/strong><strong>S\u00f8ndag 1. jan.2023<\/strong><strong>. <\/strong>Kl.10.00. Nytt\u00e5rsdag.<strong> Guds hellige Mor Maria.<\/strong><strong>\u00a0 \u00a0<\/strong><\/p>\n<p><strong>\u00a0\u00a0\u00a0\u00a0\u00a0\u00a0\u00a0\u00a0\u00a0\u00a0\u00a0\u00a0\u00a0\u00a0\u00a0\u00a0\u00a0\u00a0\u00a0\u00a0\u00a0\u00a0\u00a0\u00a0\u00a0\u00a0\u00a0\u00a0\u00a0\u00a0\u00a0\u00a0\u00a0\u00a0\u00a0\u00a0\u00a0\u00a0\u00a0\u00a0\u00a0\u00a0\u00a0\u00a0\u00a0\u00a0\u00a0 \u00a0\u00a0\u00a0\u00a0\u00a0\u00a0\u00a0\u00a0\u00a0\u00a0\u00a0\u00a0\u00a0\u00a0\u00a0\u00a0H\u00f8ytid.<\/strong><\/p>\n<p>Kl.16.00. Polsk messe<\/p>\n<p>Kl.18.00. Kveldsmesse<\/p>\n<p>*<strong>Fredag 6. jan. 2023.<\/strong> Kl.18.00. Messe. <strong>Herrens \u00c5penbaring. H\u00f8ytid.<\/strong><\/p>\n<p><strong>\u00a0<\/strong><strong>\u00a0\u00a0\u00a0\u00a0\u00a0\u00a0\u00a0\u00a0\u00a0\u00a0\u00a0\u00a0\u00a0\u00a0\u00a0\u00a0\u00a0 *<\/strong><strong>L\u00f8rdag 7. jan. 2023<\/strong><strong>.<\/strong> Kl.12.30. Katekese-\/Familiemesse.<\/p>\n<p>Kl.17.30. Rosenkransandakt &#8211; norsk<\/p>\n<p>Kl.18.00. Messe.<\/p>\n<p>*<strong>S\u00f8ndag 8. jan.2023.<\/strong> Kl.10.00 H\u00f8ymesse. <strong>Herrens D\u00e5p.<\/strong> <strong>Fest.<\/strong><\/p>\n<p>Kl. 13:00 Vietnamesisk messe.<\/p>\n<p>Kl. 16.00 Polsk messe. (Sarpsborg.)<\/p>\n<p>Kl. 16.00 Kaldeisk messe.<\/p>\n<p>Kl. 18.00 Kveldsmesse.<\/p>\n<p>PDF:\u00a0\u00a0<a href=\"http:\/\/fredrikstad.katolsk.no\/wp-content\/uploads\/2022\/12\/MESSER-I-JULETIDEN-2022-2023-farger.pdf\">MESSER I JULETIDEN 2022- 2023-farger<\/a><\/p>\n","protected":false},"excerpt":{"rendered":"<p>* Julaften, l\u00f8rdag 24.des. Kl.21.00. Polsk messe. Kl.23.00. Midnattsmesse * 1. Juledag, s\u00f8ndag 25.des. Kl.11.00. H\u00f8ymesse. Kl.16.00. Engelskmesse. Kl.18.00. Juledagens kveldsmesse. * 2. Juledag, mandag 26.des. Kl.11.00. Messe. Den hl. Stefan. Fest. \u00a0 \u00a0 \u00a0 \u00a0 \u00a0 \u00a0 \u00a0 \u00a0 &hellip; <a href=\"https:\/\/fredrikstad.katolsk.no\/?p=8971\">Les videre <span class=\"meta-nav\">&rarr;<\/span><\/a><\/p>\n","protected":false},"author":4,"featured_media":0,"comment_status":"closed","ping_status":"open","sticky":false,"template":"","format":"standard","meta":{"footnotes":""},"categories":[6,30],"tags":[],"class_list":["post-8971","post","type-post","status-publish","format-standard","hentry","category-nyheter","category-sondagsbrev"],"_links":{"self":[{"href":"https:\/\/fredrikstad.katolsk.no\/index.php?rest_route=\/wp\/v2\/posts\/8971","targetHints":{"allow":["GET"]}}],"collection":[{"href":"https:\/\/fredrikstad.katolsk.no\/index.php?rest_route=\/wp\/v2\/posts"}],"about":[{"href":"https:\/\/fredrikstad.katolsk.no\/index.php?rest_route=\/wp\/v2\/types\/post"}],"author":[{"embeddable":true,"href":"https:\/\/fredrikstad.katolsk.no\/index.php?rest_route=\/wp\/v2\/users\/4"}],"replies":[{"embeddable":true,"href":"https:\/\/fredrikstad.katolsk.no\/index.php?rest_route=%2Fwp%2Fv2%2Fcomments&post=8971"}],"version-history":[{"count":2,"href":"https:\/\/fredrikstad.katolsk.no\/index.php?rest_route=\/wp\/v2\/posts\/8971\/revisions"}],"predecessor-version":[{"id":8974,"href":"https:\/\/fredrikstad.katolsk.no\/index.php?rest_route=\/wp\/v2\/posts\/8971\/revisions\/8974"}],"wp:attachment":[{"href":"https:\/\/fredrikstad.katolsk.no\/index.php?rest_route=%2Fwp%2Fv2%2Fmedia&parent=8971"}],"wp:term":[{"taxonomy":"category","embeddable":true,"href":"https:\/\/fredrikstad.katolsk.no\/index.php?rest_route=%2Fwp%2Fv2%2Fcategories&post=8971"},{"taxonomy":"post_tag","embeddable":true,"href":"https:\/\/fredrikstad.katolsk.no\/index.php?rest_route=%2Fwp%2Fv2%2Ftags&post=8971"}],"curies":[{"name":"wp","href":"https:\/\/api.w.org\/{rel}","templated":true}]}}