{"id":9567,"date":"2023-08-25T11:57:08","date_gmt":"2023-08-25T09:57:08","guid":{"rendered":"http:\/\/fredrikstad.katolsk.no\/?p=9567"},"modified":"2023-08-25T12:12:49","modified_gmt":"2023-08-25T10:12:49","slug":"sondagsbrev-27-august-2023-21-alm-sondag-ar-a-dwunasta-pierwsza-niedziela-zwykla-rok-a","status":"publish","type":"post","link":"https:\/\/fredrikstad.katolsk.no\/?p=9567","title":{"rendered":"S\u00f8ndagsbrev 27. august 2023, 21. alm. s\u00f8ndag, \u00c5r A.   Dwunasta pierwsza Niedziela zwyk\u0142a, Rok A"},"content":{"rendered":"<p>Les s\u00f8ndagsbrevet her:\u00a0\u00a0<a href=\"http:\/\/fredrikstad.katolsk.no\/wp-content\/uploads\/2023\/08\/21.-alm.-s\u00f8ndag-2023-A1.pdf\">21. alm. s\u00f8ndag &#8211; 2023 -A<\/a><\/p>\n<p>S\u00f8ndagens lesninger p\u00e5 norsk finnes her:\u00a0\u00a0<a href=\"http:\/\/fredrikstad.katolsk.no\/wp-content\/uploads\/2023\/08\/Lesninger-21.-s\u00f8ndag-i-det-alminnelige-kirke\u00e5r-\u00e5r-A..pdf\">Lesninger 21. s\u00f8ndag i det alminnelige kirke\u00e5r, \u00e5r A.<\/a><\/p>\n<p>Readings in English:\u00a0\u00a0<a href=\"http:\/\/fredrikstad.katolsk.no\/wp-content\/uploads\/2023\/08\/Reading-for-21st-Sunday-of-Ordinary-Time-A.pdf\">Reading for 21st Sunday of Ordinary Time-A<\/a><\/p>\n<p>Czytaj po Polsku:\u00a0\u00a0<a href=\"http:\/\/fredrikstad.katolsk.no\/wp-content\/uploads\/2023\/08\/Polsk-s\u00f8ndagsblad-21.alm_.-Dwudziesta-pierwsza-Niedziela-zwyk\u0142a.pdf\">Polsk s\u00f8ndagsblad -21.alm.- Dwudziesta pierwsza Niedziela zwyk\u0142a<\/a><\/p>\n<p>Litauisk:\u00a0\u00a0<a href=\"http:\/\/fredrikstad.katolsk.no\/wp-content\/uploads\/2023\/08\/Skaitiniai-XXl-EILINIS-SEKMADIENIS-21.-ALM.-S\u00d8NDAG-A.pdf\">Skaitiniai-XXl EILINIS SEKMADIENIS -21. ALM. S\u00d8NDAG-A<\/a><\/p>\n","protected":false},"excerpt":{"rendered":"<p>Les s\u00f8ndagsbrevet her:\u00a0\u00a021. alm. s\u00f8ndag &#8211; 2023 -A S\u00f8ndagens lesninger p\u00e5 norsk finnes her:\u00a0\u00a0Lesninger 21. s\u00f8ndag i det alminnelige kirke\u00e5r, \u00e5r A. Readings in English:\u00a0\u00a0Reading for 21st Sunday of Ordinary Time-A Czytaj po Polsku:\u00a0\u00a0Polsk s\u00f8ndagsblad -21.alm.- Dwudziesta pierwsza Niedziela zwyk\u0142a &hellip; <a href=\"https:\/\/fredrikstad.katolsk.no\/?p=9567\">Les videre <span class=\"meta-nav\">&rarr;<\/span><\/a><\/p>\n","protected":false},"author":4,"featured_media":0,"comment_status":"closed","ping_status":"open","sticky":false,"template":"","format":"standard","meta":{"footnotes":""},"categories":[6,14,15,30],"tags":[],"class_list":["post-9567","post","type-post","status-publish","format-standard","hentry","category-nyheter","category-pa-engelsk","category-pa-polsk","category-sondagsbrev"],"_links":{"self":[{"href":"https:\/\/fredrikstad.katolsk.no\/index.php?rest_route=\/wp\/v2\/posts\/9567","targetHints":{"allow":["GET"]}}],"collection":[{"href":"https:\/\/fredrikstad.katolsk.no\/index.php?rest_route=\/wp\/v2\/posts"}],"about":[{"href":"https:\/\/fredrikstad.katolsk.no\/index.php?rest_route=\/wp\/v2\/types\/post"}],"author":[{"embeddable":true,"href":"https:\/\/fredrikstad.katolsk.no\/index.php?rest_route=\/wp\/v2\/users\/4"}],"replies":[{"embeddable":true,"href":"https:\/\/fredrikstad.katolsk.no\/index.php?rest_route=%2Fwp%2Fv2%2Fcomments&post=9567"}],"version-history":[{"count":3,"href":"https:\/\/fredrikstad.katolsk.no\/index.php?rest_route=\/wp\/v2\/posts\/9567\/revisions"}],"predecessor-version":[{"id":9586,"href":"https:\/\/fredrikstad.katolsk.no\/index.php?rest_route=\/wp\/v2\/posts\/9567\/revisions\/9586"}],"wp:attachment":[{"href":"https:\/\/fredrikstad.katolsk.no\/index.php?rest_route=%2Fwp%2Fv2%2Fmedia&parent=9567"}],"wp:term":[{"taxonomy":"category","embeddable":true,"href":"https:\/\/fredrikstad.katolsk.no\/index.php?rest_route=%2Fwp%2Fv2%2Fcategories&post=9567"},{"taxonomy":"post_tag","embeddable":true,"href":"https:\/\/fredrikstad.katolsk.no\/index.php?rest_route=%2Fwp%2Fv2%2Ftags&post=9567"}],"curies":[{"name":"wp","href":"https:\/\/api.w.org\/{rel}","templated":true}]}}