{"id":9638,"date":"2023-09-15T12:05:49","date_gmt":"2023-09-15T10:05:49","guid":{"rendered":"http:\/\/fredrikstad.katolsk.no\/?p=9638"},"modified":"2023-09-15T12:05:49","modified_gmt":"2023-09-15T10:05:49","slug":"trosundervisning-lordag-23-september-kl-9-45-hosttakkefest","status":"publish","type":"post","link":"https:\/\/fredrikstad.katolsk.no\/?p=9638","title":{"rendered":"Trosundervisning l\u00f8rdag 23. september kl. 9.45.  H\u00f8sttakkefest."},"content":{"rendered":"<p><strong><u>Kj\u00e6re elever og foreldre.\u00a0 Velkommen til trosundervisning (katekese) i St. Birgitta menighet!<\/u><\/strong><\/p>\n<p>Vi \u00f8nsker igjen velkommen til trosundervisning <strong>l\u00f8rdag den 23. september <\/strong>i St. Birgitta menighet. <strong>Neste undervisningsdag er det h\u00f8sttakkefest og vi ber om at man tar med seg frukt eller gr\u00f8nnsaker til velsignelse. Vi oppfordrer at foreldre kommer tidligere og deltar i familiemessen kl. 11.00. <\/strong><\/p>\n<p><strong>\u00a0<\/strong><\/p>\n<p><strong>Undervisningsl\u00f8rdager for skole\u00e5ret 2023\/2024:<\/strong><\/p>\n<ol start=\"2\">\n<li><strong><span style=\"text-decoration: line-through;\"> september\u00a0 \u00a0<\/span>6. januar<\/strong><\/li>\n<li><strong> september\u00a0 \u00a03. februar<\/strong><\/li>\n<li><strong> oktober\u00a0 \u00a0 \u00a0 \u00a0 2<\/strong><strong>. mars<\/strong><\/li>\n<li><strong> november\u00a0 \u00a0 13. april<\/strong><\/li>\n<li><strong> nov<\/strong><strong>ember\u00a0 \u00a0 \u00a020. april avslutning<\/strong><\/li>\n<\/ol>\n<p><strong>\u00a0<\/strong><strong>Foreldrem\u00f8te for 1. kommunionsbarn blir fredag 22. september kl. <\/strong><strong>18.<\/strong><strong>00 <\/strong><\/p>\n<p><strong>\u00a0<\/strong><strong>Undervisningsdagen forl\u00f8per slik:<\/strong><\/p>\n<p>Kl. 09.45 \u2013 10.45 Undervisning\u00a0 \u00a0 \u00a0 \u00a0 \u00a0 \u00a0 \u00a0 \u00a0 \u00a0Kl. 11.45 \u2013 12.15 Lunsj (mat\/drikke serveres)<\/p>\n<p>Kl. 10.45 \u2013 11.00 Sang\u00f8velse\u00a0\u00a0\u00a0\u00a0\u00a0\u00a0\u00a0\u00a0\u00a0\u00a0\u00a0\u00a0\u00a0\u00a0\u00a0\u00a0\u00a0\u00a0\u00a0\u00a0\u00a0\u00a0\u00a0\u00a0\u00a0 Kl. 12.15 \u2013 13.15 Undervisning<\/p>\n<p>Kl. 11.00 \u2013 11.45 Messe<strong>\u00a0\u00a0\u00a0\u00a0\u00a0\u00a0\u00a0\u00a0\u00a0\u00a0\u00a0\u00a0\u00a0\u00a0\u00a0\u00a0\u00a0\u00a0\u00a0\u00a0\u00a0\u00a0\u00a0\u00a0\u00a0\u00a0\u00a0\u00a0\u00a0\u00a0\u00a0\u00a0\u00a0\u00a0 <\/strong><\/p>\n<p><strong>\u00a0<\/strong><\/p>\n<p><strong>Kateketer dette skole\u00e5ret:<\/strong><\/p>\n<ol>\n<li>klasse: Elzbieta Hagen\u00a0 \u00a0 \u00a0 \u00a0 \u00a0 Assistent:<\/li>\n<li>klasse: Raja Toma Younan og Milena Kanabaj<\/li>\n<li>klasse:S\u00f8ster Natanaela fra T\u00f8nsberg\u00a0 \u00a0 \u00a0 \u00a0 \u00a0 \u00a0 \u00a0Assistent: Beatrice Bangela<\/li>\n<li>klasse: Emmie Braaten<\/li>\n<li>klasse: Nicholas Christiansen<\/li>\n<li>klasse: M\u00e5lfrid Norg\u00e5rd<\/li>\n<li>klasse: Nikolajus Juozeliunas<\/li>\n<li>klasse: Ray Pereira<\/li>\n<\/ol>\n<p>Vikarer, Daniel Paszek, Christian Fladeby, Vigdis Maatje, Danuta Ptasinska (6.kl), Lars P. Kuran og Nikola Probola<\/p>\n<p>&nbsp;<\/p>\n<p><strong><u>Katekesekontingent<\/u><\/strong><\/p>\n<p><strong>Alle barna i katekesen m\u00e5 betale en kontingent som g\u00e5r til \u00e5 dekke utgifter til mat og materiell.\u00a0 Det barna m\u00e5 ta med seg, er skrivesaker og evt. utdelte b\u00f8ker og permer.\u00a0 <\/strong><\/p>\n<p><strong>Kontingenten er kr. 150,- pr. barn pr. skole\u00e5r.\u00a0 For 1. kommunionsbarn\u00a0 kr. 400,-.\u00a0 For 8. klasse kr. 300,-.<\/strong><\/p>\n<p><strong>Kontingentbetaling til konto: 1503.19.45078. Merk betalingen med barnets (barnas) navn og klasse.<\/strong><\/p>\n<p>Katekesen er et lokallag av NUK (Norges Unge Katolikker). Det betyr at hvert barn m\u00e5 melde seg inn p\u00e5 nytt i katekesen hvert \u00e5r.\u00a0 Alle som deltar i katekesen blir ogs\u00e5 automatisk ogs\u00e5 medlem av NUK. Hvis du ikke \u00f8nsker \u00e5 v\u00e6re medlem av NUK, krysser du av p\u00e5 innmeldingsskjemaet.\u00a0 Som medlem f\u00e5r du blader og rabatter p\u00e5 leire.\u00a0 Prisen er den samme, enten du \u00f8nsker \u00e5 v\u00e6re medlem eller ikke. <strong>\u00a0Biskopen og sognepresten <\/strong>anbefaler alle \u00e5 v\u00e6re medlem av Norges Unge Katolikker.<\/p>\n<p><strong>\u00a0<\/strong><strong>Med vennlig hilsen<\/strong><\/p>\n<p><strong>St. Birgitta menighet \/ St. Birgitta katekeselag<\/strong><\/p>\n<p><strong>Tlf: 69 30 15 20\u00a0\u00a0\u00a0\u00a0 E-post: <\/strong><a href=\"mailto:fredrikstad@katolsk.no\">fredrikstad@katolsk.no<\/a><\/p>\n<p><strong>St. Josephs gate 17, 1606 Fredrikstad<\/strong><\/p>\n<p>&nbsp;<\/p>\n<p>Brevet i pdf:\u00a0\u00a0<a href=\"http:\/\/fredrikstad.katolsk.no\/wp-content\/uploads\/2023\/09\/Katekesebrev-230923.pdf\">Katekesebrev 230923<\/a><\/p>\n","protected":false},"excerpt":{"rendered":"<p>Kj\u00e6re elever og foreldre.\u00a0 Velkommen til trosundervisning (katekese) i St. Birgitta menighet! Vi \u00f8nsker igjen velkommen til trosundervisning l\u00f8rdag den 23. september i St. Birgitta menighet. Neste undervisningsdag er det h\u00f8sttakkefest og vi ber om at man tar med seg &hellip; <a href=\"https:\/\/fredrikstad.katolsk.no\/?p=9638\">Les videre <span class=\"meta-nav\">&rarr;<\/span><\/a><\/p>\n","protected":false},"author":4,"featured_media":0,"comment_status":"closed","ping_status":"open","sticky":false,"template":"","format":"standard","meta":{"footnotes":""},"categories":[33,6],"tags":[],"class_list":["post-9638","post","type-post","status-publish","format-standard","hentry","category-katekese","category-nyheter"],"_links":{"self":[{"href":"https:\/\/fredrikstad.katolsk.no\/index.php?rest_route=\/wp\/v2\/posts\/9638","targetHints":{"allow":["GET"]}}],"collection":[{"href":"https:\/\/fredrikstad.katolsk.no\/index.php?rest_route=\/wp\/v2\/posts"}],"about":[{"href":"https:\/\/fredrikstad.katolsk.no\/index.php?rest_route=\/wp\/v2\/types\/post"}],"author":[{"embeddable":true,"href":"https:\/\/fredrikstad.katolsk.no\/index.php?rest_route=\/wp\/v2\/users\/4"}],"replies":[{"embeddable":true,"href":"https:\/\/fredrikstad.katolsk.no\/index.php?rest_route=%2Fwp%2Fv2%2Fcomments&post=9638"}],"version-history":[{"count":1,"href":"https:\/\/fredrikstad.katolsk.no\/index.php?rest_route=\/wp\/v2\/posts\/9638\/revisions"}],"predecessor-version":[{"id":9640,"href":"https:\/\/fredrikstad.katolsk.no\/index.php?rest_route=\/wp\/v2\/posts\/9638\/revisions\/9640"}],"wp:attachment":[{"href":"https:\/\/fredrikstad.katolsk.no\/index.php?rest_route=%2Fwp%2Fv2%2Fmedia&parent=9638"}],"wp:term":[{"taxonomy":"category","embeddable":true,"href":"https:\/\/fredrikstad.katolsk.no\/index.php?rest_route=%2Fwp%2Fv2%2Fcategories&post=9638"},{"taxonomy":"post_tag","embeddable":true,"href":"https:\/\/fredrikstad.katolsk.no\/index.php?rest_route=%2Fwp%2Fv2%2Ftags&post=9638"}],"curies":[{"name":"wp","href":"https:\/\/api.w.org\/{rel}","templated":true}]}}