{"id":9784,"date":"2023-11-24T15:06:07","date_gmt":"2023-11-24T14:06:07","guid":{"rendered":"http:\/\/fredrikstad.katolsk.no\/?p=9784"},"modified":"2023-11-24T15:06:07","modified_gmt":"2023-11-24T14:06:07","slug":"invitasjon-immaculata-jomfru-marias-uplettede-unnfangelse-8-desember","status":"publish","type":"post","link":"https:\/\/fredrikstad.katolsk.no\/?p=9784","title":{"rendered":"Invitasjon &#8211; Immaculata \u2013 Jomfru Marias uplettede unnfangelse, 8. desember."},"content":{"rendered":"<p><img loading=\"lazy\" decoding=\"async\" class=\"alignnone size-full wp-image-7477\" src=\"http:\/\/fredrikstad.katolsk.no\/wp-content\/uploads\/2020\/11\/Jomfru-Maria-Oblat.jpg\" alt=\"Jomfru Maria-Oblat\" width=\"366\" height=\"273\" srcset=\"https:\/\/fredrikstad.katolsk.no\/wp-content\/uploads\/2020\/11\/Jomfru-Maria-Oblat.jpg 366w, https:\/\/fredrikstad.katolsk.no\/wp-content\/uploads\/2020\/11\/Jomfru-Maria-Oblat-300x224.jpg 300w\" sizes=\"auto, (max-width: 366px) 100vw, 366px\" \/><\/p>\n<p>Kj\u00e6re venner!<\/p>\n<ol start=\"8\">\n<li><strong> desember feirer Den Katolske Kirke h\u00f8ytiden for Jomfru Marias uplettede unnfangelse.<\/strong><\/li>\n<\/ol>\n<p><strong>H\u00f8ytiden er Oblatfedrenes patronatfest.<\/strong><\/p>\n<p><strong>Oblatfedrenes kommunitet i Fredrikstad feirer denne h\u00f8ytid p\u00e5 fredag 8. desember 2023, med messe kl. 11.00 i St. Birgitta kirke i Fredrikstad.<\/strong><\/p>\n<p><strong>Messen feires av p. Jagath Gunapala O.M.I.<\/strong><\/p>\n<p><strong>Hjertelig velkommen til messen.<\/strong><\/p>\n<p><strong><img loading=\"lazy\" decoding=\"async\" class=\"alignnone size-full wp-image-5964\" src=\"http:\/\/fredrikstad.katolsk.no\/wp-content\/uploads\/2018\/11\/OMI-kors-med-tekst.jpg\" alt=\"OMI-kors med tekst\" width=\"334\" height=\"151\" srcset=\"https:\/\/fredrikstad.katolsk.no\/wp-content\/uploads\/2018\/11\/OMI-kors-med-tekst.jpg 334w, https:\/\/fredrikstad.katolsk.no\/wp-content\/uploads\/2018\/11\/OMI-kors-med-tekst-300x136.jpg 300w\" sizes=\"auto, (max-width: 334px) 100vw, 334px\" \/>\u00a0 \u00a0<img loading=\"lazy\" decoding=\"async\" class=\"alignnone size-full wp-image-5963\" src=\"http:\/\/fredrikstad.katolsk.no\/wp-content\/uploads\/2018\/11\/OMI.jpg\" alt=\"OMI\" width=\"171\" height=\"176\" \/><\/strong><\/p>\n<p><strong>Mvh\u00a0\u00a0 Oblatfedrene &#8211; Fredrikstad kommunitet.\u00a0\u00a0\u00a0\u00a0\u00a0\u00a0\u00a0\u00a0\u00a0\u00a0\u00a0\u00a0\u00a0\u00a0\u00a0\u00a0\u00a0\u00a0\u00a0\u00a0\u00a0\u00a0\u00a0\u00a0\u00a0\u00a0\u00a0\u00a0\u00a0\u00a0\u00a0\u00a0\u00a0\u00a0\u00a0\u00a0\u00a0\u00a0\u00a0\u00a0\u00a0\u00a0\u00a0\u00a0\u00a0\u00a0\u00a0\u00a0 <\/strong><\/p>\n<p><strong>\u00a0<\/strong><strong>\u00ab<\/strong><strong>Evangelizare pauperibus misit me. Pauperes\u00a0\u00a0\u00a0 <\/strong><\/p>\n<p><strong>\u00a0 evangelizantur.\u00bb<\/strong><\/p>\n<p>PDF- plakat:\u00a0<a href=\"http:\/\/fredrikstad.katolsk.no\/wp-content\/uploads\/2023\/11\/Immaculata-invitasjon.-20232.pdf\">Immaculata invitasjon. 2023<\/a><\/p>\n","protected":false},"excerpt":{"rendered":"<p>Kj\u00e6re venner! desember feirer Den Katolske Kirke h\u00f8ytiden for Jomfru Marias uplettede unnfangelse. H\u00f8ytiden er Oblatfedrenes patronatfest. Oblatfedrenes kommunitet i Fredrikstad feirer denne h\u00f8ytid p\u00e5 fredag 8. desember 2023, med messe kl. 11.00 i St. Birgitta kirke i Fredrikstad. Messen &hellip; <a href=\"https:\/\/fredrikstad.katolsk.no\/?p=9784\">Les videre <span class=\"meta-nav\">&rarr;<\/span><\/a><\/p>\n","protected":false},"author":4,"featured_media":0,"comment_status":"closed","ping_status":"open","sticky":false,"template":"","format":"standard","meta":{"footnotes":""},"categories":[6],"tags":[],"class_list":["post-9784","post","type-post","status-publish","format-standard","hentry","category-nyheter"],"_links":{"self":[{"href":"https:\/\/fredrikstad.katolsk.no\/index.php?rest_route=\/wp\/v2\/posts\/9784","targetHints":{"allow":["GET"]}}],"collection":[{"href":"https:\/\/fredrikstad.katolsk.no\/index.php?rest_route=\/wp\/v2\/posts"}],"about":[{"href":"https:\/\/fredrikstad.katolsk.no\/index.php?rest_route=\/wp\/v2\/types\/post"}],"author":[{"embeddable":true,"href":"https:\/\/fredrikstad.katolsk.no\/index.php?rest_route=\/wp\/v2\/users\/4"}],"replies":[{"embeddable":true,"href":"https:\/\/fredrikstad.katolsk.no\/index.php?rest_route=%2Fwp%2Fv2%2Fcomments&post=9784"}],"version-history":[{"count":1,"href":"https:\/\/fredrikstad.katolsk.no\/index.php?rest_route=\/wp\/v2\/posts\/9784\/revisions"}],"predecessor-version":[{"id":9788,"href":"https:\/\/fredrikstad.katolsk.no\/index.php?rest_route=\/wp\/v2\/posts\/9784\/revisions\/9788"}],"wp:attachment":[{"href":"https:\/\/fredrikstad.katolsk.no\/index.php?rest_route=%2Fwp%2Fv2%2Fmedia&parent=9784"}],"wp:term":[{"taxonomy":"category","embeddable":true,"href":"https:\/\/fredrikstad.katolsk.no\/index.php?rest_route=%2Fwp%2Fv2%2Fcategories&post=9784"},{"taxonomy":"post_tag","embeddable":true,"href":"https:\/\/fredrikstad.katolsk.no\/index.php?rest_route=%2Fwp%2Fv2%2Ftags&post=9784"}],"curies":[{"name":"wp","href":"https:\/\/api.w.org\/{rel}","templated":true}]}}