{"id":9848,"date":"2023-12-22T14:16:05","date_gmt":"2023-12-22T13:16:05","guid":{"rendered":"http:\/\/fredrikstad.katolsk.no\/?p=9848"},"modified":"2023-12-22T14:27:00","modified_gmt":"2023-12-22T13:27:00","slug":"julens-brev-og-festbrev-samt-lesninger-24-25-desember-2023-polska-gazetka-niedzielna-uroczystosc-narodzenia-panskiego-24-25-grudnia","status":"publish","type":"post","link":"https:\/\/fredrikstad.katolsk.no\/?p=9848","title":{"rendered":"Julens brev og festbrev samt lesninger, 24. \u2013 25. desember 2023. Polska gazetka niedzielna \u2013 Uroczysto\u015b\u0107 Narodzenia Pa\u0144skiego 24.-25. grudnia."},"content":{"rendered":"<header class=\"entry-header\">\n<h1 class=\"entry-title\"><\/h1>\n<\/header>\n<div class=\"entry-content\">\n<p>JULEBREV:\u00a0\u00a0<a href=\"http:\/\/fredrikstad.katolsk.no\/wp-content\/uploads\/2023\/12\/Julebrev-2023.pdf\">Julebrev 2023<\/a><\/p>\n<p><strong>LESNINGER:\u00a0 \u00a0 \u00a0<\/strong><\/p>\n<p>Lesningene\u00a0 p\u00e5 norsk for\u00a0<strong>midnattsmessen<\/strong>\u00a0finnes her:\u00a0\u00a0<a href=\"http:\/\/fredrikstad.katolsk.no\/wp-content\/uploads\/2017\/12\/Lesninger-Midnattsmessen-24.-desember.pdf\">Lesninger Midnattsmessen (24. desember)<\/a><\/p>\n<p>Lesningene p\u00e5 norsk for\u00a0<strong>Juledagen<\/strong>\u00a0finnes her:\u00a0\u00a0<a href=\"http:\/\/fredrikstad.katolsk.no\/wp-content\/uploads\/2017\/12\/Lesninger-Juledagen-25.-desember.pdf\">Lesninger Juledagen (25. desember)<\/a><\/p>\n<p>&nbsp;<\/p>\n<p>&nbsp;<\/p>\n<p><strong>Polska gazetka niedzielna \u2013 Uroczysto\u015b\u0107 Narodzenia Pa\u0144skiego 24. -25. grudnia.<\/strong><\/p>\n<p><strong>Uroczysto\u015b\u0107 Narodzenia Pa\u0144skiego- Msza w nocy, 24 grudnia:\u00a0<a href=\"http:\/\/fredrikstad.katolsk.no\/wp-content\/uploads\/2017\/12\/Polsk-s\u00f8ndagsblad-Kristi-f\u00f8dselsfest-Midnattsmessen-Uroczysto\u015b\u0107-Narodzenia-Pa\u0144skiego-Msza-w-nocy-\u2013-24-grudnia.pdf\">Polsk s\u00f8ndagsblad &#8211; Kristi f\u00f8dselsfest-Midnattsmessen &#8211; Uroczysto\u015b\u0107 Narodzenia Pa\u0144skiego &#8211; Msza w nocy \u2013 24 grudnia<\/a><\/strong><\/p>\n<p><strong>Uroczysto\u015b\u0107 Narodzenia Pa\u0144skiego \u2013<\/strong><strong>Msza o \u015awicie<strong>,\u00a0 25\u00a0<\/strong>grudnia<strong>\u00a0:\u00a0\u00a0<a href=\"http:\/\/fredrikstad.katolsk.no\/wp-content\/uploads\/2017\/12\/Polsk-s\u00f8ndagsblad-Kristi-f\u00f8dselsfest-Uroczysto\u015b\u0107-Narodzenia-Pa\u0144skiego-Msza-o-\u015awicie-\u2013-Rok-B-25-grudnia.pdf\">Polsk s\u00f8ndagsblad &#8211; Kristi f\u00f8dselsfest &#8211; Uroczysto\u015b\u0107 Narodzenia Pa\u0144skiego &#8211; Msza o \u015awicie \u2013 Rok B, 25 grudnia<\/a><\/strong><\/strong><\/p>\n<p>READING IN ENGLISH:<\/p>\n<p><a href=\"http:\/\/fredrikstad.katolsk.no\/wp-content\/uploads\/2022\/12\/Daily-Reading-for-December-24th-Midnight.pdf\">Daily Reading for December 24th Midnight<\/a><\/p>\n<p><a href=\"http:\/\/fredrikstad.katolsk.no\/wp-content\/uploads\/2023\/12\/Reading-for-CHRISTMAS-DAY-3.MASS-B.docx\">Reading for CHRISTMAS DAY- 3.MASS-B<\/a><\/p>\n<p>&nbsp;<\/p>\n<p>LITAUISK:<\/p>\n<p><a href=\"http:\/\/fredrikstad.katolsk.no\/wp-content\/uploads\/2023\/12\/Skaitiniai-KRISTAUS-GIMIMAS-NAKTIES-MI\u0160IOS-MIDNATTSMESSE-B.pdf\">Skaitiniai-KRISTAUS GIMIMAS NAKTIES MI\u0160IOS-MIDNATTSMESSE-B<\/a><\/p>\n<\/div>\n<p><a href=\"http:\/\/fredrikstad.katolsk.no\/wp-content\/uploads\/2023\/12\/Skaitiniai-KRISTAUS-GIMIMAS-RYTO-MI\u0160IOS-JULEMORGEN-25.12-B.pdf\">Skaitiniai-KRISTAUS GIMIMAS RYTO MI\u0160IOS-JULEMORGEN-25.12-B<\/a><\/p>\n<div class=\"entry-content\">\n<p>&nbsp;<\/p>\n<\/div>\n","protected":false},"excerpt":{"rendered":"<p>JULEBREV:\u00a0\u00a0Julebrev 2023 LESNINGER:\u00a0 \u00a0 \u00a0 Lesningene\u00a0 p\u00e5 norsk for\u00a0midnattsmessen\u00a0finnes her:\u00a0\u00a0Lesninger Midnattsmessen (24. desember) Lesningene p\u00e5 norsk for\u00a0Juledagen\u00a0finnes her:\u00a0\u00a0Lesninger Juledagen (25. desember) &nbsp; &nbsp; Polska gazetka niedzielna \u2013 Uroczysto\u015b\u0107 Narodzenia Pa\u0144skiego 24. -25. grudnia. Uroczysto\u015b\u0107 Narodzenia Pa\u0144skiego- Msza w nocy, 24 &hellip; <a href=\"https:\/\/fredrikstad.katolsk.no\/?p=9848\">Les videre <span class=\"meta-nav\">&rarr;<\/span><\/a><\/p>\n","protected":false},"author":4,"featured_media":0,"comment_status":"closed","ping_status":"open","sticky":false,"template":"","format":"standard","meta":{"footnotes":""},"categories":[6,14,15,30],"tags":[],"class_list":["post-9848","post","type-post","status-publish","format-standard","hentry","category-nyheter","category-pa-engelsk","category-pa-polsk","category-sondagsbrev"],"_links":{"self":[{"href":"https:\/\/fredrikstad.katolsk.no\/index.php?rest_route=\/wp\/v2\/posts\/9848","targetHints":{"allow":["GET"]}}],"collection":[{"href":"https:\/\/fredrikstad.katolsk.no\/index.php?rest_route=\/wp\/v2\/posts"}],"about":[{"href":"https:\/\/fredrikstad.katolsk.no\/index.php?rest_route=\/wp\/v2\/types\/post"}],"author":[{"embeddable":true,"href":"https:\/\/fredrikstad.katolsk.no\/index.php?rest_route=\/wp\/v2\/users\/4"}],"replies":[{"embeddable":true,"href":"https:\/\/fredrikstad.katolsk.no\/index.php?rest_route=%2Fwp%2Fv2%2Fcomments&post=9848"}],"version-history":[{"count":4,"href":"https:\/\/fredrikstad.katolsk.no\/index.php?rest_route=\/wp\/v2\/posts\/9848\/revisions"}],"predecessor-version":[{"id":9856,"href":"https:\/\/fredrikstad.katolsk.no\/index.php?rest_route=\/wp\/v2\/posts\/9848\/revisions\/9856"}],"wp:attachment":[{"href":"https:\/\/fredrikstad.katolsk.no\/index.php?rest_route=%2Fwp%2Fv2%2Fmedia&parent=9848"}],"wp:term":[{"taxonomy":"category","embeddable":true,"href":"https:\/\/fredrikstad.katolsk.no\/index.php?rest_route=%2Fwp%2Fv2%2Fcategories&post=9848"},{"taxonomy":"post_tag","embeddable":true,"href":"https:\/\/fredrikstad.katolsk.no\/index.php?rest_route=%2Fwp%2Fv2%2Ftags&post=9848"}],"curies":[{"name":"wp","href":"https:\/\/api.w.org\/{rel}","templated":true}]}}