{"id":9857,"date":"2023-12-22T15:02:30","date_gmt":"2023-12-22T14:02:30","guid":{"rendered":"http:\/\/fredrikstad.katolsk.no\/?p=9857"},"modified":"2023-12-22T15:03:05","modified_gmt":"2023-12-22T14:03:05","slug":"julens-festbrev-samt-lesninger-26-28-desember-2023-polska-gazetka-niedzielna-uroczystosc-narodzenia-panskiego-26-28-grudnia","status":"publish","type":"post","link":"https:\/\/fredrikstad.katolsk.no\/?p=9857","title":{"rendered":"Julens festbrev samt lesninger, 26. \u2013 28. desember 2023. Polska gazetka niedzielna \u2013 Uroczysto\u015b\u0107 Narodzenia Pa\u0144skiego 26.-28. grudnia."},"content":{"rendered":"<header class=\"entry-header\">\n<h1 class=\"entry-title\"><strong>FESTBREV:<\/strong><\/h1>\n<p><a href=\"http:\/\/fredrikstad.katolsk.no\/wp-content\/uploads\/2023\/12\/Hellige-Stefan-2023.pdf\">Hellige Stefan-2023<\/a><\/p>\n<\/header>\n<div class=\"entry-content\">\n<p><a href=\"http:\/\/fredrikstad.katolsk.no\/wp-content\/uploads\/2023\/12\/Hellige-Johannes.-Apostel-og-evangelist-27.desember-2023.pdf\">Hellige Johannes. Apostel og evangelist -27.desember 2023<\/a><\/p>\n<p><a href=\"http:\/\/fredrikstad.katolsk.no\/wp-content\/uploads\/2023\/12\/De-uskyldige-barn-i-Betlehem-28.desember-2023.pdf\">De uskyldige barn i Betlehem -28.desember 2023<\/a><\/p>\n<p><strong>LESNINGER:<\/strong><\/p>\n<p>Lesninger p\u00e5 norsk for \u2013<strong>Hellige Stefan<\/strong>\u2013 2. juledag finnes her:\u00a0\u00a0<a href=\"http:\/\/fredrikstad.katolsk.no\/wp-content\/uploads\/2022\/12\/Lesninger-Den-hellige-Stefan-26.-desember-B.pdf\">Lesninger Den hellige Stefan (26. desember)-B<\/a><\/p>\n<p>Lesninger p\u00e5 norsk for \u2013<strong>Hellige Johannes<\/strong>\u2013\u00a03. juledag finnes her:\u00a0<a href=\"http:\/\/fredrikstad.katolsk.no\/wp-content\/uploads\/2017\/12\/Lesninger-Den-hellige-Johannes-27.-desember.pdf\">Lesninger Den hellige Johannes (27. desember)<\/a><\/p>\n<p>Lesninger p\u00e5 norsk for \u2013\u00a0<strong>De uskyldige barn i Betlehem \u2013\u00a0<\/strong>finnes her:\u00a0\u00a0<a href=\"http:\/\/fredrikstad.katolsk.no\/wp-content\/uploads\/2017\/12\/Lesninger-De-uskyldige-barn-i-Betlehem-28.-desember.pdf\">Lesninger De uskyldige barn i Betlehem (28. desember)<\/a><\/p>\n<p><strong>Polska gazetka niedzielna \u2013 Uroczysto\u015b\u0107 Narodzenia Pa\u0144skiego 26. -28. grudnia.<\/strong><\/p>\n<p><a href=\"http:\/\/fredrikstad.katolsk.no\/wp-content\/uploads\/2022\/12\/Polsk-s\u00f8ndagsblad-Den-Hellige-Stefan-Kirkens-f\u00f8rste-martyr-\u015aw.-Szczepana-Pierwszego-M\u0119czennika-Rok-C-26-grudnia.pdf\">Polsk s\u00f8ndagsblad &#8211; Den Hellige Stefan -Kirkens f\u00f8rste martyr-\u015aw. Szczepana, Pierwszego M\u0119czennika Rok C, 26 grudnia<\/a><\/p>\n<p><a href=\"http:\/\/fredrikstad.katolsk.no\/wp-content\/uploads\/2022\/12\/Polsk-s%C3%B8ndagsblad-%C5%9Awi%C4%99to-%C5%9Bw.-Jana-aposto%C5%82a-i-ewangelisty-27-grudnia.pdf\">Polsk s\u00f8ndagsblad -\u015awi\u0119to \u015bw. Jana, aposto\u0142a i ewangelisty-27 grudnia<\/a><\/p>\n<p><a href=\"http:\/\/fredrikstad.katolsk.no\/wp-content\/uploads\/2022\/12\/Polsk-s\u00f8ndagsblad-de-uskyldige-barn-i-Betlehem-28-grudnia.pdf\">Polsk s\u00f8ndagsblad -de uskyldige barn i Betlehem- 28 grudnia<\/a><\/p>\n<p><strong>READINGS IN ENGLISH:<\/strong><\/p>\n<p><a href=\"http:\/\/fredrikstad.katolsk.no\/wp-content\/uploads\/2023\/12\/Reading-for-ST.-STEPHEN-THE-FIRST-MARTYR-26.12.pdf\">Reading for ST. STEPHEN THE FIRST MARTYR-26.12<\/a><\/p>\n<p><a href=\"http:\/\/fredrikstad.katolsk.no\/wp-content\/uploads\/2023\/12\/Reading-for-ST.-JOHN-APOSTLE-EVANGELIST-27.12.pdf\">Reading for ST. JOHN, APOSTLE &amp; EVANGELIST &#8211; 27.12<\/a><\/p>\n<p><a href=\"http:\/\/fredrikstad.katolsk.no\/wp-content\/uploads\/2023\/12\/Reading-for-HOLY-INNOCENTS-MARTYRS-28.12.pdf\">Reading for HOLY INNOCENTS MARTYRS 28.12<\/a><\/p>\n<p><strong>LITAUISK:<\/strong><\/p>\n<p><a href=\"http:\/\/fredrikstad.katolsk.no\/wp-content\/uploads\/2023\/12\/Skaitiniai-\u0160V.-STEPONAS-HELLIGE-STEFAN-26.12-B.pdf\">Skaitiniai-\u0160V. STEPONAS -HELLIGE STEFAN-26.12-B<\/a><\/p>\n<p><a href=\"http:\/\/fredrikstad.katolsk.no\/wp-content\/uploads\/2023\/12\/Skaitiniai-\u0160V.-APA\u0160TALAS-JONAS-HELLIGE-JOHANNES-27.12-B.pdf\">Skaitiniai-\u0160V. APA\u0160TALAS JONAS -HELLIGE JOHANNES-27.12-B<\/a><\/p>\n<p><a href=\"http:\/\/fredrikstad.katolsk.no\/wp-content\/uploads\/2023\/12\/Skaitiniai-\u0160V.-NEKALTIEJI-VAIKELIAI-DE-USKYLDIGE-BARNA-I-BETLEHEM-28.12-B.docx\">Skaitiniai-\u0160V. NEKALTIEJI VAIKELIAI -DE USKYLDIGE BARNA I BETLEHEM-28.12-B<\/a><\/p>\n<p>&nbsp;<\/p>\n<p>&nbsp;<\/p>\n<\/div>\n","protected":false},"excerpt":{"rendered":"<p>FESTBREV: Hellige Stefan-2023 Hellige Johannes. Apostel og evangelist -27.desember 2023 De uskyldige barn i Betlehem -28.desember 2023 LESNINGER: Lesninger p\u00e5 norsk for \u2013Hellige Stefan\u2013 2. juledag finnes her:\u00a0\u00a0Lesninger Den hellige Stefan (26. desember)-B Lesninger p\u00e5 norsk for \u2013Hellige Johannes\u2013\u00a03. juledag &hellip; <a href=\"https:\/\/fredrikstad.katolsk.no\/?p=9857\">Les videre <span class=\"meta-nav\">&rarr;<\/span><\/a><\/p>\n","protected":false},"author":4,"featured_media":0,"comment_status":"closed","ping_status":"open","sticky":false,"template":"","format":"standard","meta":{"footnotes":""},"categories":[6,14,15,30],"tags":[],"class_list":["post-9857","post","type-post","status-publish","format-standard","hentry","category-nyheter","category-pa-engelsk","category-pa-polsk","category-sondagsbrev"],"_links":{"self":[{"href":"https:\/\/fredrikstad.katolsk.no\/index.php?rest_route=\/wp\/v2\/posts\/9857","targetHints":{"allow":["GET"]}}],"collection":[{"href":"https:\/\/fredrikstad.katolsk.no\/index.php?rest_route=\/wp\/v2\/posts"}],"about":[{"href":"https:\/\/fredrikstad.katolsk.no\/index.php?rest_route=\/wp\/v2\/types\/post"}],"author":[{"embeddable":true,"href":"https:\/\/fredrikstad.katolsk.no\/index.php?rest_route=\/wp\/v2\/users\/4"}],"replies":[{"embeddable":true,"href":"https:\/\/fredrikstad.katolsk.no\/index.php?rest_route=%2Fwp%2Fv2%2Fcomments&post=9857"}],"version-history":[{"count":2,"href":"https:\/\/fredrikstad.katolsk.no\/index.php?rest_route=\/wp\/v2\/posts\/9857\/revisions"}],"predecessor-version":[{"id":9868,"href":"https:\/\/fredrikstad.katolsk.no\/index.php?rest_route=\/wp\/v2\/posts\/9857\/revisions\/9868"}],"wp:attachment":[{"href":"https:\/\/fredrikstad.katolsk.no\/index.php?rest_route=%2Fwp%2Fv2%2Fmedia&parent=9857"}],"wp:term":[{"taxonomy":"category","embeddable":true,"href":"https:\/\/fredrikstad.katolsk.no\/index.php?rest_route=%2Fwp%2Fv2%2Fcategories&post=9857"},{"taxonomy":"post_tag","embeddable":true,"href":"https:\/\/fredrikstad.katolsk.no\/index.php?rest_route=%2Fwp%2Fv2%2Ftags&post=9857"}],"curies":[{"name":"wp","href":"https:\/\/api.w.org\/{rel}","templated":true}]}}