{"id":9869,"date":"2023-12-22T15:11:59","date_gmt":"2023-12-22T14:11:59","guid":{"rendered":"http:\/\/fredrikstad.katolsk.no\/?p=9869"},"modified":"2023-12-22T15:11:59","modified_gmt":"2023-12-22T14:11:59","slug":"messer-i-juletiden-20232024","status":"publish","type":"post","link":"https:\/\/fredrikstad.katolsk.no\/?p=9869","title":{"rendered":"MESSER I JULETIDEN 2023\/2024."},"content":{"rendered":"<p>*<strong>4.s\u00f8ndag i advent<\/strong> 24.des. Kl. 10:00. H\u00f8ymesse.<\/p>\n<p>* <strong>Julaften, s\u00f8ndag 24.des<\/strong><strong>.<\/strong> Kl.21.00. Polsk messe.<\/p>\n<p>Kl.23.00. Midnattsmesse<\/p>\n<p>* <strong>1. Juledag, mandag 25.des<\/strong>. Kl.11.00. H\u00f8ymesse.<\/p>\n<p>Kl.18.00. Juledagens kveldsmesse.<\/p>\n<p>* <strong>2. Juledag, tirsdag 26.des.<\/strong> \u00a0\u00a0Kl.11.00. Messe. Den hl. Stefan<strong>. FEST.<\/strong><\/p>\n<p><strong>\u00a0 \u00a0 \u00a0 \u00a0 \u00a0 \u00a0 \u00a0 \u00a0 \u00a0 \u00a0 \u00a0 \u00a0 \u00a0 \u00a0 \u00a0 \u00a0 \u00a0\u00a0<\/strong><strong>\u00a0\u00a0\u00a0\u00a0\u00a0\u00a0\u00a0\u00a0\u00a0\u00a0\u00a0\u00a0\u00a0\u00a0\u00a0\u00a0\u00a0\u00a0<\/strong>\u00a0Kl.16.00. Polsk messe.<\/p>\n<p>* <strong>Onsdag 27. des.<\/strong> Kl. 18.00. Kveldsmesse. <a href=\"https:\/\/liturgi.info\/Des27\">Den hl. evangelisten Johannes<\/a>. <strong>FEST.<\/strong><\/p>\n<p>*<strong>Torsdag 28.des.<\/strong> Kl.18.00. De uskyldige barn i Betlehem. Martyrer. <strong>FEST<\/strong>.<\/p>\n<p>*<strong>Fredag 29<\/strong>. <strong>des.<\/strong>\u00a0 Kl. 11.00. Messe. <strong>(Juleoktaven)<\/strong><\/p>\n<p>*<strong>L\u00f8rdag 30. des.<\/strong>\u00a0 Kl. 18.00.\u00a0 Messe.<strong> (Juleoktaven)<\/strong><\/p>\n<p><strong>\u00a0 \u00a0<\/strong>\u00a0*<strong>S\u00f8ndag 31.des.<\/strong> \u00a0\u00a0Kl.10:00. H\u00f8ymesse.<strong> Den Hl. Familie.<\/strong> <strong>FEST<\/strong><\/p>\n<p>Kl.18.00. Kveldsmesse. <strong>Takksigelse.<\/strong> <strong>\u00a0<\/strong><\/p>\n<p><strong>\u00a0 *<\/strong><strong>Mandag 1. jan.2024<\/strong><strong>. Kl.10.30.<\/strong> Nytt\u00e5rsdag.<strong> Guds hellige Mor Maria.<\/strong><strong> H\u00f8ytid.\u00a0 <\/strong><strong>\u00a0 \u00a0 \u00a0 \u00a0 \u00a0 \u00a0 \u00a0 \u00a0 \u00a0 \u00a0 \u00a0 \u00a0 \u00a0 \u00a0 \u00a0 \u00a0 \u00a0 \u00a0 \u00a0 \u00a0 \u00a0 \u00a0 \u00a0 \u00a0<\/strong><\/p>\n<p>*<strong>L\u00f8rdag 6. jan. 2024. \u00a0<\/strong><strong>Kl.12:30. Katekese-\/Familiemesse.<\/strong><\/p>\n<p><strong>\u00a0 \u00a0 \u00a0 \u00a0 \u00a0 \u00a0 \u00a0 \u00a0 \u00a0 \u00a0 \u00a0 \u00a0<\/strong>Kl.17.30. Rosenkransandakt &#8211; norsk<\/p>\n<p>Kl.18.00. Messe. <strong>Herrens \u00c5penbaring. H\u00f8ytid.<\/strong><\/p>\n<p><strong>\u00a0*S\u00f8ndag 7. jan. 2024.<\/strong> Kl.10.00 H\u00f8ymesse. <strong>Herrens D\u00e5p.<\/strong> <strong>FEST.<\/strong><\/p>\n<p>Kl. 16.00 Polsk messe.<\/p>\n<p>Kl.18.00. Messe.<\/p>\n<p>Messetidene i pdf:\u00a0\u00a0<a href=\"http:\/\/fredrikstad.katolsk.no\/wp-content\/uploads\/2023\/12\/MESSER-I-JULETIDEN-2023-2024.pdf\">MESSER I JULETIDEN 2023-2024<\/a><\/p>\n<p>&nbsp;<\/p>\n<p>&nbsp;<\/p>\n","protected":false},"excerpt":{"rendered":"<p>*4.s\u00f8ndag i advent 24.des. Kl. 10:00. H\u00f8ymesse. * Julaften, s\u00f8ndag 24.des. Kl.21.00. Polsk messe. Kl.23.00. Midnattsmesse * 1. Juledag, mandag 25.des. Kl.11.00. H\u00f8ymesse. Kl.18.00. Juledagens kveldsmesse. * 2. Juledag, tirsdag 26.des. \u00a0\u00a0Kl.11.00. Messe. Den hl. Stefan. FEST. \u00a0 \u00a0 \u00a0 &hellip; <a href=\"https:\/\/fredrikstad.katolsk.no\/?p=9869\">Les videre <span class=\"meta-nav\">&rarr;<\/span><\/a><\/p>\n","protected":false},"author":4,"featured_media":0,"comment_status":"closed","ping_status":"open","sticky":false,"template":"","format":"standard","meta":{"footnotes":""},"categories":[6],"tags":[],"class_list":["post-9869","post","type-post","status-publish","format-standard","hentry","category-nyheter"],"_links":{"self":[{"href":"https:\/\/fredrikstad.katolsk.no\/index.php?rest_route=\/wp\/v2\/posts\/9869","targetHints":{"allow":["GET"]}}],"collection":[{"href":"https:\/\/fredrikstad.katolsk.no\/index.php?rest_route=\/wp\/v2\/posts"}],"about":[{"href":"https:\/\/fredrikstad.katolsk.no\/index.php?rest_route=\/wp\/v2\/types\/post"}],"author":[{"embeddable":true,"href":"https:\/\/fredrikstad.katolsk.no\/index.php?rest_route=\/wp\/v2\/users\/4"}],"replies":[{"embeddable":true,"href":"https:\/\/fredrikstad.katolsk.no\/index.php?rest_route=%2Fwp%2Fv2%2Fcomments&post=9869"}],"version-history":[{"count":1,"href":"https:\/\/fredrikstad.katolsk.no\/index.php?rest_route=\/wp\/v2\/posts\/9869\/revisions"}],"predecessor-version":[{"id":9871,"href":"https:\/\/fredrikstad.katolsk.no\/index.php?rest_route=\/wp\/v2\/posts\/9869\/revisions\/9871"}],"wp:attachment":[{"href":"https:\/\/fredrikstad.katolsk.no\/index.php?rest_route=%2Fwp%2Fv2%2Fmedia&parent=9869"}],"wp:term":[{"taxonomy":"category","embeddable":true,"href":"https:\/\/fredrikstad.katolsk.no\/index.php?rest_route=%2Fwp%2Fv2%2Fcategories&post=9869"},{"taxonomy":"post_tag","embeddable":true,"href":"https:\/\/fredrikstad.katolsk.no\/index.php?rest_route=%2Fwp%2Fv2%2Ftags&post=9869"}],"curies":[{"name":"wp","href":"https:\/\/api.w.org\/{rel}","templated":true}]}}