{"id":9877,"date":"2023-12-22T15:19:56","date_gmt":"2023-12-22T14:19:56","guid":{"rendered":"http:\/\/fredrikstad.katolsk.no\/?p=9877"},"modified":"2023-12-22T15:19:56","modified_gmt":"2023-12-22T14:19:56","slug":"messer-i-juletiden-24-26-desember-2023","status":"publish","type":"post","link":"https:\/\/fredrikstad.katolsk.no\/?p=9877","title":{"rendered":"MESSER I JULETIDEN 24-26.desember 2023."},"content":{"rendered":"<p>*<strong>4.s\u00f8ndag i advent<\/strong> 24.des. Kl. 10:00. H\u00f8ymesse.<\/p>\n<p>* <strong>Julaften, s\u00f8ndag 24.des<\/strong><strong>.<\/strong> Kl.21.00. Polsk messe.<\/p>\n<p>Kl.23.00. Midnattsmesse<\/p>\n<p>* <strong>1. Juledag, mandag 25.des<\/strong>. Kl.11.00. H\u00f8ymesse.<\/p>\n<p>Kl.18.00. Juledagens kveldsmesse.<\/p>\n<p>* <strong>2. Juledag, tirsdag 26.des.<\/strong> \u00a0\u00a0Kl.11.00. Messe. Den hl. Stefan<strong>. FEST.<\/strong><\/p>\n<p><strong>\u00a0\u00a0\u00a0\u00a0\u00a0\u00a0\u00a0\u00a0\u00a0\u00a0\u00a0\u00a0\u00a0\u00a0\u00a0\u00a0\u00a0\u00a0\u00a0\u00a0\u00a0\u00a0\u00a0\u00a0\u00a0\u00a0\u00a0\u00a0\u00a0\u00a0\u00a0\u00a0\u00a0\u00a0\u00a0\u00a0\u00a0\u00a0\u00a0\u00a0\u00a0\u00a0\u00a0\u00a0\u00a0\u00a0\u00a0\u00a0 <\/strong><strong>\u00a0\u00a0\u00a0\u00a0\u00a0\u00a0\u00a0\u00a0\u00a0\u00a0\u00a0\u00a0\u00a0\u00a0\u00a0\u00a0\u00a0\u00a0<\/strong>\u00a0Kl.16.00. Polsk messe.<\/p>\n<p>&nbsp;<\/p>\n<p>&nbsp;<\/p>\n<p>&nbsp;<\/p>\n<p>&nbsp;<\/p>\n","protected":false},"excerpt":{"rendered":"<p>*4.s\u00f8ndag i advent 24.des. Kl. 10:00. H\u00f8ymesse. * Julaften, s\u00f8ndag 24.des. Kl.21.00. Polsk messe. Kl.23.00. Midnattsmesse * 1. Juledag, mandag 25.des. Kl.11.00. H\u00f8ymesse. Kl.18.00. Juledagens kveldsmesse. * 2. Juledag, tirsdag 26.des. \u00a0\u00a0Kl.11.00. Messe. Den hl. Stefan. FEST. \u00a0\u00a0\u00a0\u00a0\u00a0\u00a0\u00a0\u00a0\u00a0\u00a0\u00a0\u00a0\u00a0\u00a0\u00a0\u00a0\u00a0\u00a0\u00a0\u00a0\u00a0\u00a0\u00a0\u00a0\u00a0\u00a0\u00a0\u00a0\u00a0\u00a0\u00a0\u00a0\u00a0\u00a0\u00a0\u00a0\u00a0\u00a0\u00a0\u00a0\u00a0\u00a0\u00a0\u00a0\u00a0\u00a0\u00a0\u00a0 \u00a0\u00a0\u00a0\u00a0\u00a0\u00a0\u00a0\u00a0\u00a0\u00a0\u00a0\u00a0\u00a0\u00a0\u00a0\u00a0\u00a0\u00a0\u00a0Kl.16.00. Polsk &hellip; <a href=\"https:\/\/fredrikstad.katolsk.no\/?p=9877\">Les videre <span class=\"meta-nav\">&rarr;<\/span><\/a><\/p>\n","protected":false},"author":4,"featured_media":0,"comment_status":"closed","ping_status":"open","sticky":false,"template":"","format":"standard","meta":{"footnotes":""},"categories":[6],"tags":[],"class_list":["post-9877","post","type-post","status-publish","format-standard","hentry","category-nyheter"],"_links":{"self":[{"href":"https:\/\/fredrikstad.katolsk.no\/index.php?rest_route=\/wp\/v2\/posts\/9877","targetHints":{"allow":["GET"]}}],"collection":[{"href":"https:\/\/fredrikstad.katolsk.no\/index.php?rest_route=\/wp\/v2\/posts"}],"about":[{"href":"https:\/\/fredrikstad.katolsk.no\/index.php?rest_route=\/wp\/v2\/types\/post"}],"author":[{"embeddable":true,"href":"https:\/\/fredrikstad.katolsk.no\/index.php?rest_route=\/wp\/v2\/users\/4"}],"replies":[{"embeddable":true,"href":"https:\/\/fredrikstad.katolsk.no\/index.php?rest_route=%2Fwp%2Fv2%2Fcomments&post=9877"}],"version-history":[{"count":1,"href":"https:\/\/fredrikstad.katolsk.no\/index.php?rest_route=\/wp\/v2\/posts\/9877\/revisions"}],"predecessor-version":[{"id":9878,"href":"https:\/\/fredrikstad.katolsk.no\/index.php?rest_route=\/wp\/v2\/posts\/9877\/revisions\/9878"}],"wp:attachment":[{"href":"https:\/\/fredrikstad.katolsk.no\/index.php?rest_route=%2Fwp%2Fv2%2Fmedia&parent=9877"}],"wp:term":[{"taxonomy":"category","embeddable":true,"href":"https:\/\/fredrikstad.katolsk.no\/index.php?rest_route=%2Fwp%2Fv2%2Fcategories&post=9877"},{"taxonomy":"post_tag","embeddable":true,"href":"https:\/\/fredrikstad.katolsk.no\/index.php?rest_route=%2Fwp%2Fv2%2Ftags&post=9877"}],"curies":[{"name":"wp","href":"https:\/\/api.w.org\/{rel}","templated":true}]}}